{"id":117540,"date":"2024-11-26T09:15:00","date_gmt":"2024-11-26T15:15:00","guid":{"rendered":"https:\/\/www.villaeducativa.edu.mx\/newspaper\/?p=117540"},"modified":"2024-11-26T11:30:10","modified_gmt":"2024-11-26T17:30:10","slug":"escuela-para-padres-habilidades-parentales-para-prevenir-3","status":"publish","type":"post","link":"https:\/\/www.villaeducativa.edu.mx\/newspaper\/?p=117540","title":{"rendered":"Escuela para Padres: Habilidades parentales para prevenir"},"content":{"rendered":"\n<p>El pasado 20 de noviembre, la Lic. en Psicolog\u00eda y Directora de Mentes H\u00e1biles, Carla Fern\u00e1ndez de la Fuerte, comparti\u00f3 con nuestra comunidad educativa la conferencia \u201cHabilidades parentales para prevenir\u201d. Entre los puntos importantes recalc\u00f3:<\/p>\n\n\n\n<ul><li>Desarrollar la empat\u00eda y saber c\u00f3mo podemos ser m\u00e1s comprensivos con nuestros hijos.<\/li><li>Reconocer el lenguaje no verbal de nuestros hijos y c\u00f3mo podemos comunicarnos mejor con ellos.\u00a0<\/li><li>Definir estrategias para establecer l\u00edmites con eficacia parental.<\/li><\/ul>\n\n\n\n<p>Si desean volver a verla, les dejo el <a rel=\"noreferrer noopener\" href=\"https:\/\/drive.google.com\/file\/d\/1c2CQbLkppiRe_PNWa9jHOPp9B_x_zxe8\/view?usp=drivesdk\" target=\"_blank\">enlace del video<\/a>.<\/p>\n\n\n\n<div class=\"wp-block-image\"><figure class=\"aligncenter size-large is-resized\"><a href=\"https:\/\/drive.google.com\/file\/d\/1c2CQbLkppiRe_PNWa9jHOPp9B_x_zxe8\" target=\"_blank\" rel=\"noopener\"><img loading=\"lazy\" src=\"https:\/\/www.villaeducativa.edu.mx\/newspaper\/wp-content\/uploads\/2024\/11\/videomenteshabiles.jpg\" alt=\"\" class=\"wp-image-117541\" width=\"641\" height=\"337\" srcset=\"https:\/\/www.villaeducativa.edu.mx\/newspaper\/wp-content\/uploads\/2024\/11\/videomenteshabiles.jpg 800w, https:\/\/www.villaeducativa.edu.mx\/newspaper\/wp-content\/uploads\/2024\/11\/videomenteshabiles-300x158.jpg 300w, https:\/\/www.villaeducativa.edu.mx\/newspaper\/wp-content\/uploads\/2024\/11\/videomenteshabiles-768x404.jpg 768w, https:\/\/www.villaeducativa.edu.mx\/newspaper\/wp-content\/uploads\/2024\/11\/videomenteshabiles-600x316.jpg 600w\" sizes=\"(max-width: 641px) 100vw, 641px\" \/><\/a><\/figure><\/div>\n\n\n\n<p><span class=\"has-inline-color has-vivid-cyan-blue-color\"><strong>Jacive Monroy&nbsp;<\/strong><br><em>Coordinadora Operativa<\/em><\/span><\/p>\n","protected":false},"excerpt":{"rendered":"<p>El pasado 20 de noviembre, la Lic. en Psicolog\u00eda y Directora de Mentes H\u00e1biles, Carla Fern\u00e1ndez de la Fuerte, comparti\u00f3 con nuestra comunidad educativa la conferencia \u201cHabilidades parentales para prevenir\u201d. Entre los puntos importantes recalc\u00f3: Desarrollar la empat\u00eda y saber c\u00f3mo podemos ser m\u00e1s comprensivos con nuestros hijos. Reconocer el&hellip; <\/p>\n","protected":false},"author":2,"featured_media":117544,"comment_status":"closed","ping_status":"closed","sticky":false,"template":"","format":"standard","meta":{"ngg_post_thumbnail":0},"categories":[17],"tags":[],"_links":{"self":[{"href":"https:\/\/www.villaeducativa.edu.mx\/newspaper\/index.php?rest_route=\/wp\/v2\/posts\/117540"}],"collection":[{"href":"https:\/\/www.villaeducativa.edu.mx\/newspaper\/index.php?rest_route=\/wp\/v2\/posts"}],"about":[{"href":"https:\/\/www.villaeducativa.edu.mx\/newspaper\/index.php?rest_route=\/wp\/v2\/types\/post"}],"author":[{"embeddable":true,"href":"https:\/\/www.villaeducativa.edu.mx\/newspaper\/index.php?rest_route=\/wp\/v2\/users\/2"}],"replies":[{"embeddable":true,"href":"https:\/\/www.villaeducativa.edu.mx\/newspaper\/index.php?rest_route=%2Fwp%2Fv2%2Fcomments&post=117540"}],"version-history":[{"count":3,"href":"https:\/\/www.villaeducativa.edu.mx\/newspaper\/index.php?rest_route=\/wp\/v2\/posts\/117540\/revisions"}],"predecessor-version":[{"id":117781,"href":"https:\/\/www.villaeducativa.edu.mx\/newspaper\/index.php?rest_route=\/wp\/v2\/posts\/117540\/revisions\/117781"}],"wp:featuredmedia":[{"embeddable":true,"href":"https:\/\/www.villaeducativa.edu.mx\/newspaper\/index.php?rest_route=\/wp\/v2\/media\/117544"}],"wp:attachment":[{"href":"https:\/\/www.villaeducativa.edu.mx\/newspaper\/index.php?rest_route=%2Fwp%2Fv2%2Fmedia&parent=117540"}],"wp:term":[{"taxonomy":"category","embeddable":true,"href":"https:\/\/www.villaeducativa.edu.mx\/newspaper\/index.php?rest_route=%2Fwp%2Fv2%2Fcategories&post=117540"},{"taxonomy":"post_tag","embeddable":true,"href":"https:\/\/www.villaeducativa.edu.mx\/newspaper\/index.php?rest_route=%2Fwp%2Fv2%2Ftags&post=117540"}],"curies":[{"name":"wp","href":"https:\/\/api.w.org\/{rel}","templated":true}]}}