{"id":117260,"date":"2024-11-26T08:35:00","date_gmt":"2024-11-26T14:35:00","guid":{"rendered":"https:\/\/www.villaeducativa.edu.mx\/newspaper\/?p=117260"},"modified":"2024-11-26T12:46:06","modified_gmt":"2024-11-26T18:46:06","slug":"2o-medir-una-aventura-de-numeros-y-regletas","status":"publish","type":"post","link":"https:\/\/www.villaeducativa.edu.mx\/newspaper\/?p=117260","title":{"rendered":"2o: Medir, una aventura de n\u00fameros y regletas"},"content":{"rendered":"\n<p>En nuestra clase de segundo grado, nos sumergimos en el fascinante mundo de la medici\u00f3n. Aprendimos que medir no es solo una actividad matem\u00e1tica, sino tambi\u00e9n una herramienta para entender mejor nuestro entorno. Para hacerlo, usamos diferentes tipos de herramientas como las regletas, que son bloques de colores con diferentes tama\u00f1os. Estas regletas nos ayudaron a comparar y registrar longitudes de manera divertida y visual.<\/p>\n\n\n\n<p>El reto comenz\u00f3 cuando nos dividimos en peque\u00f1os grupos y comenzamos a medirnos entre nosotros y, como algunos somos tan altos, no nos d\u00e1bamos abasto con las regletas de un solo color o tama\u00f1o; as\u00ed que tuvimos que combinarlas. Esto nos permiti\u00f3 hacer comparaciones y descubrir c\u00f3mo los objetos o personas pueden tener diferentes tama\u00f1os seg\u00fan la unidad que usemos para medirlos.<\/p>\n\n\n\n<p>Para organizar nuestra informaci\u00f3n de manera clara, creamos cuadros de doble entrada, en los que anotamos las diferentes medidas que obtuvimos con cada regleta. Este proceso nos ayud\u00f3 a visualizar las diferencias y a comprender mejor c\u00f3mo funcionan las unidades de medida. Adem\u00e1s, aprender a registrar nuestras observaciones de manera ordenada, fue una excelente forma de practicar nuestras habilidades matem\u00e1ticas y nuestra capacidad para trabajar en equipo.<\/p>\n\n\n\n<p>Lo m\u00e1s divertido de esta actividad fue que no solo est\u00e1bamos aprendiendo sobre medidas, sino que est\u00e1bamos experimentando con ellas, explorando y descubriendo el mundo a trav\u00e9s de los n\u00fameros. Al final de la clase, nos dimos cuenta de que medir no solo es una habilidad matem\u00e1tica, sino tambi\u00e9n una forma de ver el mundo con una nueva perspectiva. \u00a1Y todo eso gracias a las regletas!<\/p>\n\n\n\n<p>Esta experiencia nos demostr\u00f3 que las matem\u00e1ticas est\u00e1n presentes en todo lo que nos rodea y que, con un poco de creatividad y curiosidad, podemos hacer que cualquier lecci\u00f3n sea divertida y memorable. \u00a1Qui\u00e9n dir\u00eda que medir podr\u00eda ser tan emocionante!<\/p>\n\n\n\n<div class=\"wp-block-image\"><figure class=\"aligncenter size-large is-resized\"><img loading=\"lazy\" src=\"https:\/\/www.villaeducativa.edu.mx\/newspaper\/wp-content\/uploads\/2024\/11\/257d885f-75ab-410a-ab83-d4f6345115b5.jpg\" alt=\"\" class=\"wp-image-117261\" width=\"725\" height=\"544\" srcset=\"https:\/\/www.villaeducativa.edu.mx\/newspaper\/wp-content\/uploads\/2024\/11\/257d885f-75ab-410a-ab83-d4f6345115b5.jpg 800w, https:\/\/www.villaeducativa.edu.mx\/newspaper\/wp-content\/uploads\/2024\/11\/257d885f-75ab-410a-ab83-d4f6345115b5-300x225.jpg 300w, https:\/\/www.villaeducativa.edu.mx\/newspaper\/wp-content\/uploads\/2024\/11\/257d885f-75ab-410a-ab83-d4f6345115b5-768x576.jpg 768w, https:\/\/www.villaeducativa.edu.mx\/newspaper\/wp-content\/uploads\/2024\/11\/257d885f-75ab-410a-ab83-d4f6345115b5-600x450.jpg 600w\" sizes=\"(max-width: 725px) 100vw, 725px\" \/><\/figure><\/div>\n\n\n\n<p><span class=\"has-inline-color has-vivid-cyan-blue-color\"><strong>Anali S\u00e1nchez y Zeltzin G\u00f3mez<\/strong><br><em>Docentes Espa\u00f1ol 2o grado<\/em><\/span><\/p>\n","protected":false},"excerpt":{"rendered":"<p>En nuestra clase de segundo grado, nos sumergimos en el fascinante mundo de la medici\u00f3n. Aprendimos que medir no es solo una actividad matem\u00e1tica, sino tambi\u00e9n una herramienta para entender mejor nuestro entorno. Para hacerlo, usamos diferentes tipos de herramientas como las regletas, que son bloques de colores con diferentes&hellip; <\/p>\n","protected":false},"author":2,"featured_media":117262,"comment_status":"closed","ping_status":"closed","sticky":false,"template":"","format":"standard","meta":{"ngg_post_thumbnail":0},"categories":[3],"tags":[],"_links":{"self":[{"href":"https:\/\/www.villaeducativa.edu.mx\/newspaper\/index.php?rest_route=\/wp\/v2\/posts\/117260"}],"collection":[{"href":"https:\/\/www.villaeducativa.edu.mx\/newspaper\/index.php?rest_route=\/wp\/v2\/posts"}],"about":[{"href":"https:\/\/www.villaeducativa.edu.mx\/newspaper\/index.php?rest_route=\/wp\/v2\/types\/post"}],"author":[{"embeddable":true,"href":"https:\/\/www.villaeducativa.edu.mx\/newspaper\/index.php?rest_route=\/wp\/v2\/users\/2"}],"replies":[{"embeddable":true,"href":"https:\/\/www.villaeducativa.edu.mx\/newspaper\/index.php?rest_route=%2Fwp%2Fv2%2Fcomments&post=117260"}],"version-history":[{"count":1,"href":"https:\/\/www.villaeducativa.edu.mx\/newspaper\/index.php?rest_route=\/wp\/v2\/posts\/117260\/revisions"}],"predecessor-version":[{"id":117263,"href":"https:\/\/www.villaeducativa.edu.mx\/newspaper\/index.php?rest_route=\/wp\/v2\/posts\/117260\/revisions\/117263"}],"wp:featuredmedia":[{"embeddable":true,"href":"https:\/\/www.villaeducativa.edu.mx\/newspaper\/index.php?rest_route=\/wp\/v2\/media\/117262"}],"wp:attachment":[{"href":"https:\/\/www.villaeducativa.edu.mx\/newspaper\/index.php?rest_route=%2Fwp%2Fv2%2Fmedia&parent=117260"}],"wp:term":[{"taxonomy":"category","embeddable":true,"href":"https:\/\/www.villaeducativa.edu.mx\/newspaper\/index.php?rest_route=%2Fwp%2Fv2%2Fcategories&post=117260"},{"taxonomy":"post_tag","embeddable":true,"href":"https:\/\/www.villaeducativa.edu.mx\/newspaper\/index.php?rest_route=%2Fwp%2Fv2%2Ftags&post=117260"}],"curies":[{"name":"wp","href":"https:\/\/api.w.org\/{rel}","templated":true}]}}