{"id":117200,"date":"2024-11-19T11:29:21","date_gmt":"2024-11-19T17:29:21","guid":{"rendered":"https:\/\/www.villaeducativa.edu.mx\/newspaper\/?p=117200"},"modified":"2024-11-19T14:07:43","modified_gmt":"2024-11-19T20:07:43","slug":"fechas-importantes-14","status":"publish","type":"post","link":"https:\/\/www.villaeducativa.edu.mx\/newspaper\/?p=117200","title":{"rendered":"Fechas importantes"},"content":{"rendered":"\n<p id=\"block-30172937-2e98-465a-b6dc-8fc7c8195f80\">Les recordamos las fechas importantes que tenemos en las \u00faltimas semanas de noviembre y en el mes de diciembre:<\/p>\n\n\n\n<h5 class=\"has-text-align-center\"><strong>Noviembre<\/strong><\/h5>\n\n\n\n<figure class=\"wp-block-table\"><table><tbody><tr><td class=\"has-text-align-right\" data-align=\"right\"><\/td><td><strong><em>General<\/em><\/strong><\/td><\/tr><tr><td class=\"has-text-align-right\" data-align=\"right\"><strong><span class=\"has-inline-color has-luminous-vivid-orange-color\">22<\/span><\/strong><\/td><td><strong><strong>\u2022<\/strong><\/strong> <strong>No hay clases por descarga acad\u00e9mica<\/strong><\/td><\/tr><tr><td class=\"has-text-align-right\" data-align=\"right\"><strong><span class=\"has-inline-color has-luminous-vivid-orange-color\">26<\/span><\/strong><\/td><td><strong>\u2022 Se publican boletas de 1er trimestre<\/strong><\/td><\/tr><tr><td class=\"has-text-align-right\" data-align=\"right\"><strong><span class=\"has-inline-color has-luminous-vivid-orange-color\">28<\/span><\/strong><\/td><td><strong>\u2022 Thanksgiving celebraci\u00f3n interna<\/strong><\/td><\/tr><tr><td class=\"has-text-align-right\" data-align=\"right\"><strong><span class=\"has-inline-color has-luminous-vivid-orange-color\">29<\/span><\/strong><\/td><td><strong>\u2022 No hay clases por Consejo t\u00e9cnico y capacitaci\u00f3n<\/strong><\/td><\/tr><tr><td class=\"has-text-align-right\" data-align=\"right\"><\/td><td><strong><em><span class=\"has-inline-color has-luminous-vivid-amber-color\">Happy Kinder<\/span><\/em><\/strong><\/td><\/tr><tr><td class=\"has-text-align-right\" data-align=\"right\"><strong><span class=\"has-inline-color has-luminous-vivid-orange-color\">11 al 15<\/span><\/strong><\/td><td><strong><strong>\u2022<\/strong><\/strong> <strong>Juntas individuales Kinder 3<\/strong><\/td><\/tr><tr><td class=\"has-text-align-right\" data-align=\"right\"><strong><span class=\"has-inline-color has-luminous-vivid-orange-color\">22<\/span><\/strong><\/td><td><strong><strong>\u2022<\/strong> Pl\u00e1tica virtual de Literacy para familias de Happy Kinder&nbsp;9:00 a.m.<\/strong><\/td><\/tr><tr><td class=\"has-text-align-right\" data-align=\"right\"><\/td><td><strong><span class=\"has-inline-color has-vivid-cyan-blue-color\"><em>Villa Educativa<\/em><\/span><\/strong><\/td><\/tr><tr><td class=\"has-text-align-right\" data-align=\"right\"><span class=\"has-inline-color has-luminous-vivid-orange-color\"><strong>20<\/strong><\/span><\/td><td><strong>\u2022 Escuela para padres virtual: Habilidades parentales para prevenir para&nbsp;Primaria Alta 10:00 a.m.<\/strong><\/td><\/tr><tr><td class=\"has-text-align-right\" data-align=\"right\"><strong><span class=\"has-inline-color has-luminous-vivid-orange-color\">22<\/span><\/strong><\/td><td><strong><strong>\u2022<\/strong> Cambridge Ceremony<\/strong><\/td><\/tr><tr><td class=\"has-text-align-right\" data-align=\"right\"><strong><span class=\"has-inline-color has-luminous-vivid-orange-color\">25 al 27<\/span><\/strong><\/td><td><strong>\u2022 Juntas individuales de 5o Villa Educativa<\/strong><\/td><\/tr><tr><td class=\"has-text-align-right\" data-align=\"right\"><\/td><td><strong><em><span class=\"has-inline-color has-cyan-bluish-gray-color\">Villa High<\/span><\/em><\/strong><\/td><\/tr><tr><td class=\"has-text-align-right\" data-align=\"right\"><span class=\"has-inline-color has-luminous-vivid-orange-color\"><strong>20<\/strong><\/span><\/td><td><strong><strong>\u2022<\/strong><\/strong> <strong><strong>Escuela para padres virtual: Habilidades parentales para prevenir para&nbsp;Villa High 10:00 a.m.<\/strong><\/strong><\/td><\/tr><tr><td class=\"has-text-align-right\" data-align=\"right\"><strong><span class=\"has-inline-color has-luminous-vivid-orange-color\">22<\/span><\/strong><\/td><td><strong><strong>\u2022<\/strong> Cambridge Ceremony<\/strong><\/td><\/tr><tr><td class=\"has-text-align-right\" data-align=\"right\"><strong><span class=\"has-inline-color has-luminous-vivid-orange-color\">25<\/span><\/strong><\/td><td><strong>\u2022 Inician juntas individuales VH1<\/strong><\/td><\/tr><tr><td class=\"has-text-align-right\" data-align=\"right\"><strong><span class=\"has-inline-color has-luminous-vivid-orange-color\">29<\/span><\/strong><\/td><td><strong>\u2022<\/strong> <strong>REFLECT en Villa High<\/strong><\/td><\/tr><\/tbody><\/table><\/figure>\n\n\n\n<h5 class=\"has-text-align-center\"><strong>Diciembre<\/strong><\/h5>\n\n\n\n<figure class=\"wp-block-table\"><table><tbody><tr><td class=\"has-text-align-right\" data-align=\"right\"><\/td><td><strong><em>General<\/em><\/strong><\/td><\/tr><tr><td class=\"has-text-align-right\" data-align=\"right\"><strong><span class=\"has-inline-color has-luminous-vivid-orange-color\">1<\/span><\/strong><\/td><td><strong><strong>\u2022<\/strong><\/strong> <strong>Competencia Cheer &amp; Dance (The Showcase &#8211; Domo de la Universidad&nbsp;Intercontinental)<\/strong><\/td><\/tr><tr><td class=\"has-text-align-right\" data-align=\"right\"><strong><span class=\"has-inline-color has-luminous-vivid-orange-color\">11<\/span><\/strong><\/td><td><strong><strong>\u2022<\/strong><\/strong> <strong>50 Years of Happy Days en Kataplum 10:00 a.m. a 7:00 p.m.<\/strong><\/td><\/tr><tr><td class=\"has-text-align-right\" data-align=\"right\"><strong><span class=\"has-inline-color has-luminous-vivid-orange-color\">12<\/span><\/strong><\/td><td><strong>\u2022 Clases en l\u00ednea debido a las peregrinaciones<\/strong><\/td><\/tr><tr><td class=\"has-text-align-right\" data-align=\"right\"><strong><span class=\"has-inline-color has-luminous-vivid-orange-color\">18<\/span><\/strong><\/td><td><strong>\u2022 \u00daltimo d\u00eda de clases previo a las vacaciones de fin de a\u00f1o.<\/strong><br><strong>\u2022 Celebraci\u00f3n de fin de a\u00f1o de colaboradores, d\u00eda corto. No habr\u00e1 servicio de Club.<\/strong><\/td><\/tr><tr><td class=\"has-text-align-right\" data-align=\"right\"><\/td><td><strong><em><span class=\"has-inline-color has-luminous-vivid-amber-color\">Happy Kinder<\/span><\/em><\/strong><\/td><\/tr><tr><td class=\"has-text-align-right\" data-align=\"right\"><strong><span class=\"has-inline-color has-luminous-vivid-orange-color\">12 al 17<\/span><\/strong><\/td><td><strong><strong>\u2022<\/strong><\/strong> <strong>Juntas individuales de Kinder 2<\/strong><\/td><\/tr><tr><td class=\"has-text-align-right\" data-align=\"right\"><\/td><td><strong><em><span class=\"has-inline-color has-cyan-bluish-gray-color\">Villa High<\/span><\/em><\/strong><\/td><\/tr><tr><td class=\"has-text-align-right\" data-align=\"right\"><span class=\"has-inline-color has-luminous-vivid-orange-color\"><strong>6<\/strong><\/span><\/td><td><strong><strong>\u2022<\/strong><\/strong> <strong><strong>Math Fair VIlla High 3<\/strong><\/strong><\/td><\/tr><\/tbody><\/table><\/figure>\n\n\n\n<p><\/p>\n","protected":false},"excerpt":{"rendered":"<p>Les recordamos las fechas importantes que tenemos en las ultimas semanas de noviembre y en el mes de diciembre&#8230;<\/p>\n","protected":false},"author":2,"featured_media":117250,"comment_status":"closed","ping_status":"closed","sticky":false,"template":"","format":"standard","meta":{"ngg_post_thumbnail":0},"categories":[17],"tags":[],"_links":{"self":[{"href":"https:\/\/www.villaeducativa.edu.mx\/newspaper\/index.php?rest_route=\/wp\/v2\/posts\/117200"}],"collection":[{"href":"https:\/\/www.villaeducativa.edu.mx\/newspaper\/index.php?rest_route=\/wp\/v2\/posts"}],"about":[{"href":"https:\/\/www.villaeducativa.edu.mx\/newspaper\/index.php?rest_route=\/wp\/v2\/types\/post"}],"author":[{"embeddable":true,"href":"https:\/\/www.villaeducativa.edu.mx\/newspaper\/index.php?rest_route=\/wp\/v2\/users\/2"}],"replies":[{"embeddable":true,"href":"https:\/\/www.villaeducativa.edu.mx\/newspaper\/index.php?rest_route=%2Fwp%2Fv2%2Fcomments&post=117200"}],"version-history":[{"count":3,"href":"https:\/\/www.villaeducativa.edu.mx\/newspaper\/index.php?rest_route=\/wp\/v2\/posts\/117200\/revisions"}],"predecessor-version":[{"id":117222,"href":"https:\/\/www.villaeducativa.edu.mx\/newspaper\/index.php?rest_route=\/wp\/v2\/posts\/117200\/revisions\/117222"}],"wp:featuredmedia":[{"embeddable":true,"href":"https:\/\/www.villaeducativa.edu.mx\/newspaper\/index.php?rest_route=\/wp\/v2\/media\/117250"}],"wp:attachment":[{"href":"https:\/\/www.villaeducativa.edu.mx\/newspaper\/index.php?rest_route=%2Fwp%2Fv2%2Fmedia&parent=117200"}],"wp:term":[{"taxonomy":"category","embeddable":true,"href":"https:\/\/www.villaeducativa.edu.mx\/newspaper\/index.php?rest_route=%2Fwp%2Fv2%2Fcategories&post=117200"},{"taxonomy":"post_tag","embeddable":true,"href":"https:\/\/www.villaeducativa.edu.mx\/newspaper\/index.php?rest_route=%2Fwp%2Fv2%2Ftags&post=117200"}],"curies":[{"name":"wp","href":"https:\/\/api.w.org\/{rel}","templated":true}]}}