{"id":117193,"date":"2024-11-19T11:11:38","date_gmt":"2024-11-19T17:11:38","guid":{"rendered":"https:\/\/www.villaeducativa.edu.mx\/newspaper\/?p=117193"},"modified":"2024-11-19T11:48:41","modified_gmt":"2024-11-19T17:48:41","slug":"escuela-promesa-11","status":"publish","type":"post","link":"https:\/\/www.villaeducativa.edu.mx\/newspaper\/?p=117193","title":{"rendered":"Escuela Promesa"},"content":{"rendered":"\n<p>Estimadas familias:<\/p>\n\n\n\n<p>El martes 26 de noviembre es nuestra \u00faltima colecta del a\u00f1o 2025. Adem\u00e1s de los residuos que recibimos siempre, tendremos una colecta especial de todo tipo de electr\u00f3nicos y cables. Tambi\u00e9n recolectaremos c\u00e1psulas de pl\u00e1stico de caf\u00e9. Agradecemos de antemano su&nbsp;participaci\u00f3n.<\/p>\n\n\n\n<div class=\"wp-block-image\"><figure class=\"aligncenter size-large is-resized\"><a href=\"https:\/\/www.villaeducativa.edu.mx\/newspaper\/wp-content\/uploads\/2024\/11\/Imagen-de-WhatsApp-2024-11-19-a-las-06.31.06_3592c436.jpg\"><img loading=\"lazy\" src=\"https:\/\/www.villaeducativa.edu.mx\/newspaper\/wp-content\/uploads\/2024\/11\/Imagen-de-WhatsApp-2024-11-19-a-las-06.31.06_3592c436-819x1024.jpg\" alt=\"\" class=\"wp-image-117194\" width=\"614\" height=\"768\" srcset=\"https:\/\/www.villaeducativa.edu.mx\/newspaper\/wp-content\/uploads\/2024\/11\/Imagen-de-WhatsApp-2024-11-19-a-las-06.31.06_3592c436-819x1024.jpg 819w, https:\/\/www.villaeducativa.edu.mx\/newspaper\/wp-content\/uploads\/2024\/11\/Imagen-de-WhatsApp-2024-11-19-a-las-06.31.06_3592c436-240x300.jpg 240w, https:\/\/www.villaeducativa.edu.mx\/newspaper\/wp-content\/uploads\/2024\/11\/Imagen-de-WhatsApp-2024-11-19-a-las-06.31.06_3592c436-768x960.jpg 768w, https:\/\/www.villaeducativa.edu.mx\/newspaper\/wp-content\/uploads\/2024\/11\/Imagen-de-WhatsApp-2024-11-19-a-las-06.31.06_3592c436-600x750.jpg 600w, https:\/\/www.villaeducativa.edu.mx\/newspaper\/wp-content\/uploads\/2024\/11\/Imagen-de-WhatsApp-2024-11-19-a-las-06.31.06_3592c436.jpg 1200w\" sizes=\"(max-width: 614px) 100vw, 614px\" \/><\/a><\/figure><\/div>\n\n\n\n<div class=\"wp-block-image\"><figure class=\"aligncenter size-large is-resized\"><a href=\"https:\/\/www.villaeducativa.edu.mx\/newspaper\/wp-content\/uploads\/2024\/11\/Imagen-de-WhatsApp-2024-11-19-a-las-06.31.55_3faa6c71.jpg\"><img loading=\"lazy\" src=\"https:\/\/www.villaeducativa.edu.mx\/newspaper\/wp-content\/uploads\/2024\/11\/Imagen-de-WhatsApp-2024-11-19-a-las-06.31.55_3faa6c71-1024x592.jpg\" alt=\"\" class=\"wp-image-117195\" width=\"611\" height=\"353\" srcset=\"https:\/\/www.villaeducativa.edu.mx\/newspaper\/wp-content\/uploads\/2024\/11\/Imagen-de-WhatsApp-2024-11-19-a-las-06.31.55_3faa6c71-1024x592.jpg 1024w, https:\/\/www.villaeducativa.edu.mx\/newspaper\/wp-content\/uploads\/2024\/11\/Imagen-de-WhatsApp-2024-11-19-a-las-06.31.55_3faa6c71-300x173.jpg 300w, https:\/\/www.villaeducativa.edu.mx\/newspaper\/wp-content\/uploads\/2024\/11\/Imagen-de-WhatsApp-2024-11-19-a-las-06.31.55_3faa6c71-768x444.jpg 768w, https:\/\/www.villaeducativa.edu.mx\/newspaper\/wp-content\/uploads\/2024\/11\/Imagen-de-WhatsApp-2024-11-19-a-las-06.31.55_3faa6c71-600x347.jpg 600w, https:\/\/www.villaeducativa.edu.mx\/newspaper\/wp-content\/uploads\/2024\/11\/Imagen-de-WhatsApp-2024-11-19-a-las-06.31.55_3faa6c71-1536x888.jpg 1536w, https:\/\/www.villaeducativa.edu.mx\/newspaper\/wp-content\/uploads\/2024\/11\/Imagen-de-WhatsApp-2024-11-19-a-las-06.31.55_3faa6c71.jpg 1600w\" sizes=\"(max-width: 611px) 100vw, 611px\" \/><\/a><\/figure><\/div>\n\n\n\n<p><strong><span class=\"has-inline-color has-vivid-cyan-blue-color\">Adriana Esparza<br><\/span><\/strong><span class=\"has-inline-color has-vivid-cyan-blue-color\"><em>Servicios Escolares<\/em><\/span><\/p>\n","protected":false},"excerpt":{"rendered":"<p>Estimadas familias: El martes 26 de noviembre es nuestra \u00faltima colecta del a\u00f1o 2025. Adem\u00e1s de los residuos que recibimos siempre, tendremos una colecta especial de todo tipo de electr\u00f3nicos y cables. Tambi\u00e9n recolectaremos c\u00e1psulas de pl\u00e1stico de caf\u00e9. Agradecemos de antemano su&nbsp;participaci\u00f3n. Adriana EsparzaServicios Escolares<\/p>\n","protected":false},"author":2,"featured_media":117216,"comment_status":"closed","ping_status":"closed","sticky":false,"template":"","format":"standard","meta":{"ngg_post_thumbnail":0},"categories":[17],"tags":[],"_links":{"self":[{"href":"https:\/\/www.villaeducativa.edu.mx\/newspaper\/index.php?rest_route=\/wp\/v2\/posts\/117193"}],"collection":[{"href":"https:\/\/www.villaeducativa.edu.mx\/newspaper\/index.php?rest_route=\/wp\/v2\/posts"}],"about":[{"href":"https:\/\/www.villaeducativa.edu.mx\/newspaper\/index.php?rest_route=\/wp\/v2\/types\/post"}],"author":[{"embeddable":true,"href":"https:\/\/www.villaeducativa.edu.mx\/newspaper\/index.php?rest_route=\/wp\/v2\/users\/2"}],"replies":[{"embeddable":true,"href":"https:\/\/www.villaeducativa.edu.mx\/newspaper\/index.php?rest_route=%2Fwp%2Fv2%2Fcomments&post=117193"}],"version-history":[{"count":2,"href":"https:\/\/www.villaeducativa.edu.mx\/newspaper\/index.php?rest_route=\/wp\/v2\/posts\/117193\/revisions"}],"predecessor-version":[{"id":117218,"href":"https:\/\/www.villaeducativa.edu.mx\/newspaper\/index.php?rest_route=\/wp\/v2\/posts\/117193\/revisions\/117218"}],"wp:featuredmedia":[{"embeddable":true,"href":"https:\/\/www.villaeducativa.edu.mx\/newspaper\/index.php?rest_route=\/wp\/v2\/media\/117216"}],"wp:attachment":[{"href":"https:\/\/www.villaeducativa.edu.mx\/newspaper\/index.php?rest_route=%2Fwp%2Fv2%2Fmedia&parent=117193"}],"wp:term":[{"taxonomy":"category","embeddable":true,"href":"https:\/\/www.villaeducativa.edu.mx\/newspaper\/index.php?rest_route=%2Fwp%2Fv2%2Fcategories&post=117193"},{"taxonomy":"post_tag","embeddable":true,"href":"https:\/\/www.villaeducativa.edu.mx\/newspaper\/index.php?rest_route=%2Fwp%2Fv2%2Ftags&post=117193"}],"curies":[{"name":"wp","href":"https:\/\/api.w.org\/{rel}","templated":true}]}}