{"id":117164,"date":"2024-11-19T07:30:00","date_gmt":"2024-11-19T13:30:00","guid":{"rendered":"https:\/\/www.villaeducativa.edu.mx\/newspaper\/?p=117164"},"modified":"2024-11-19T13:36:37","modified_gmt":"2024-11-19T19:36:37","slug":"por-que-es-importante-la-coordinacion-en-ballet","status":"publish","type":"post","link":"https:\/\/www.villaeducativa.edu.mx\/newspaper\/?p=117164","title":{"rendered":"\u00bfPor qu\u00e9 es importante la coordinaci\u00f3n en ballet?"},"content":{"rendered":"\n<p>En clase de ballet de club, estamos trabajando la coordinaci\u00f3n \u00f3culo-manual, que es la habilidad de coordinar el movimiento de las manos con la informaci\u00f3n visual. Este tipo de coordinaci\u00f3n nos permite manejar las manos independientemente de lo que estamos viendo y forma parte de tareas cotidianas; tambi\u00e9n permite ejecutar los movimientos de manera \u00e1gil y fluida.&nbsp;<\/p>\n\n\n\n<p>Para las peque\u00f1as bailarinas la coordinaci\u00f3n se puede ir mejorando a trav\u00e9s de la pr\u00e1ctica y la repetici\u00f3n constante; esto m\u00e1s adelante nos ayudar\u00e1 a realizar nuevos pasos de manera correcta.\u00a0<\/p>\n\n\n\n<p>no se han encontrado im\u00e1genes<\/p>\n\n\n\n\n<p><strong><span class=\"has-inline-color has-vivid-cyan-blue-color\">Emma Fajardo<br><\/span><\/strong><span class=\"has-inline-color has-vivid-cyan-blue-color\"><em>Ballet&nbsp;<\/em><\/span><\/p>\n","protected":false},"excerpt":{"rendered":"<p>En clase de ballet de club, estamos trabajando la coordinaci\u00f3n \u00f3culo-manual, que es la habilidad de coordinar el movimiento de las manos con la informaci\u00f3n visual. Este tipo de coordinaci\u00f3n nos permite manejar las manos independientemente de lo que estamos viendo y forma parte de tareas cotidianas; tambi\u00e9n permite ejecutar&hellip; <\/p>\n","protected":false},"author":2,"featured_media":117186,"comment_status":"closed","ping_status":"closed","sticky":false,"template":"","format":"standard","meta":{"ngg_post_thumbnail":0},"categories":[5],"tags":[],"_links":{"self":[{"href":"https:\/\/www.villaeducativa.edu.mx\/newspaper\/index.php?rest_route=\/wp\/v2\/posts\/117164"}],"collection":[{"href":"https:\/\/www.villaeducativa.edu.mx\/newspaper\/index.php?rest_route=\/wp\/v2\/posts"}],"about":[{"href":"https:\/\/www.villaeducativa.edu.mx\/newspaper\/index.php?rest_route=\/wp\/v2\/types\/post"}],"author":[{"embeddable":true,"href":"https:\/\/www.villaeducativa.edu.mx\/newspaper\/index.php?rest_route=\/wp\/v2\/users\/2"}],"replies":[{"embeddable":true,"href":"https:\/\/www.villaeducativa.edu.mx\/newspaper\/index.php?rest_route=%2Fwp%2Fv2%2Fcomments&post=117164"}],"version-history":[{"count":2,"href":"https:\/\/www.villaeducativa.edu.mx\/newspaper\/index.php?rest_route=\/wp\/v2\/posts\/117164\/revisions"}],"predecessor-version":[{"id":117245,"href":"https:\/\/www.villaeducativa.edu.mx\/newspaper\/index.php?rest_route=\/wp\/v2\/posts\/117164\/revisions\/117245"}],"wp:featuredmedia":[{"embeddable":true,"href":"https:\/\/www.villaeducativa.edu.mx\/newspaper\/index.php?rest_route=\/wp\/v2\/media\/117186"}],"wp:attachment":[{"href":"https:\/\/www.villaeducativa.edu.mx\/newspaper\/index.php?rest_route=%2Fwp%2Fv2%2Fmedia&parent=117164"}],"wp:term":[{"taxonomy":"category","embeddable":true,"href":"https:\/\/www.villaeducativa.edu.mx\/newspaper\/index.php?rest_route=%2Fwp%2Fv2%2Fcategories&post=117164"},{"taxonomy":"post_tag","embeddable":true,"href":"https:\/\/www.villaeducativa.edu.mx\/newspaper\/index.php?rest_route=%2Fwp%2Fv2%2Ftags&post=117164"}],"curies":[{"name":"wp","href":"https:\/\/api.w.org\/{rel}","templated":true}]}}