{"id":116619,"date":"2024-11-12T09:05:00","date_gmt":"2024-11-12T15:05:00","guid":{"rendered":"https:\/\/www.villaeducativa.edu.mx\/newspaper\/?p=116619"},"modified":"2024-11-12T12:23:51","modified_gmt":"2024-11-12T18:23:51","slug":"escuela-para-padres-habilidades-parentales-para-prevenir-2","status":"publish","type":"post","link":"https:\/\/www.villaeducativa.edu.mx\/newspaper\/?p=116619","title":{"rendered":"Escuela para Padres: Habilidades parentales para prevenir"},"content":{"rendered":"\n<p>La empat\u00eda, una comunicaci\u00f3n asertiva y establecer l\u00edmites de forma eficiente, son habilidades importantes que debemos desarrollar con nuestros hijos. Por ello, les recordamos nuestra invitaci\u00f3n el pr\u00f3ximo 20 de noviembre a las 10:00 a.m. a la conferencia virtual<strong> \u201cHabilidades parentales para prevenir\u201d<\/strong>, impartida por Carla Fern\u00e1ndez, directora y fundadora de Mentes h\u00e1biles.<\/p>\n\n\n\n<p><img loading=\"lazy\" width=\"460\" height=\"446\" class=\"wp-image-59873\" style=\"width: 40px;\" src=\"http:\/\/www.villaeducativa.edu.mx\/newspaper\/wp-content\/uploads\/2021\/08\/ico_meet.png\" alt=\"\" srcset=\"https:\/\/www.villaeducativa.edu.mx\/newspaper\/wp-content\/uploads\/2021\/08\/ico_meet.png 460w, https:\/\/www.villaeducativa.edu.mx\/newspaper\/wp-content\/uploads\/2021\/08\/ico_meet-300x291.png 300w\" sizes=\"(max-width: 460px) 100vw, 460px\" \/> <a href=\"https:\/\/meet.google.com\/erf-brqp-ucc\" target=\"_blank\" rel=\"noreferrer noopener\"><strong><em><span class=\"has-inline-color has-vivid-cyan-blue-color\">Liga conferencia virtual <\/span><\/em><\/strong><\/a><\/p>\n\n\n\n<p><span class=\"has-inline-color has-vivid-cyan-blue-color\"><strong>Jacive Monroy<\/strong><br><em>Coordinadora Operativa<\/em><\/span><\/p>\n","protected":false},"excerpt":{"rendered":"<p>La empat\u00eda, una comunicaci\u00f3n asertiva y establecer l\u00edmites de forma eficiente, son habilidades importantes que debemos desarrollar con nuestros hijos. Por ello, les recordamos nuestra invitaci\u00f3n el pr\u00f3ximo 20 de noviembre a las 10:00 a.m. a la conferencia virtual \u201cHabilidades parentales para prevenir\u201d, impartida por Carla Fern\u00e1ndez, directora y fundadora&hellip; <\/p>\n","protected":false},"author":2,"featured_media":116620,"comment_status":"closed","ping_status":"closed","sticky":false,"template":"","format":"standard","meta":{"ngg_post_thumbnail":0},"categories":[17],"tags":[],"_links":{"self":[{"href":"https:\/\/www.villaeducativa.edu.mx\/newspaper\/index.php?rest_route=\/wp\/v2\/posts\/116619"}],"collection":[{"href":"https:\/\/www.villaeducativa.edu.mx\/newspaper\/index.php?rest_route=\/wp\/v2\/posts"}],"about":[{"href":"https:\/\/www.villaeducativa.edu.mx\/newspaper\/index.php?rest_route=\/wp\/v2\/types\/post"}],"author":[{"embeddable":true,"href":"https:\/\/www.villaeducativa.edu.mx\/newspaper\/index.php?rest_route=\/wp\/v2\/users\/2"}],"replies":[{"embeddable":true,"href":"https:\/\/www.villaeducativa.edu.mx\/newspaper\/index.php?rest_route=%2Fwp%2Fv2%2Fcomments&post=116619"}],"version-history":[{"count":2,"href":"https:\/\/www.villaeducativa.edu.mx\/newspaper\/index.php?rest_route=\/wp\/v2\/posts\/116619\/revisions"}],"predecessor-version":[{"id":116622,"href":"https:\/\/www.villaeducativa.edu.mx\/newspaper\/index.php?rest_route=\/wp\/v2\/posts\/116619\/revisions\/116622"}],"wp:featuredmedia":[{"embeddable":true,"href":"https:\/\/www.villaeducativa.edu.mx\/newspaper\/index.php?rest_route=\/wp\/v2\/media\/116620"}],"wp:attachment":[{"href":"https:\/\/www.villaeducativa.edu.mx\/newspaper\/index.php?rest_route=%2Fwp%2Fv2%2Fmedia&parent=116619"}],"wp:term":[{"taxonomy":"category","embeddable":true,"href":"https:\/\/www.villaeducativa.edu.mx\/newspaper\/index.php?rest_route=%2Fwp%2Fv2%2Fcategories&post=116619"},{"taxonomy":"post_tag","embeddable":true,"href":"https:\/\/www.villaeducativa.edu.mx\/newspaper\/index.php?rest_route=%2Fwp%2Fv2%2Ftags&post=116619"}],"curies":[{"name":"wp","href":"https:\/\/api.w.org\/{rel}","templated":true}]}}