{"id":110193,"date":"2025-09-02T07:25:14","date_gmt":"2025-09-02T12:25:14","guid":{"rendered":"https:\/\/www.villaeducativa.edu.mx\/newspaper\/?p=110193"},"modified":"2025-09-03T17:24:17","modified_gmt":"2025-09-03T22:24:17","slug":"nuestro-equipo-en-club-afterschool","status":"publish","type":"post","link":"https:\/\/www.villaeducativa.edu.mx\/newspaper\/?p=110193","title":{"rendered":"Nuestro equipo en Club AfterSchool"},"content":{"rendered":"\n<hr class=\"wp-block-separator\"\/>\n\n\n\n<div class=\"wp-block-image\"><figure class=\"alignright size-large is-resized\"><img loading=\"lazy\" src=\"http:\/\/www.villaeducativa.edu.mx\/newspaper\/wp-content\/uploads\/2024\/08\/ANGELES-HERNANDEZ-BERENICE.jpg\" alt=\"\" class=\"wp-image-109672\" width=\"150\" height=\"150\" srcset=\"https:\/\/www.villaeducativa.edu.mx\/newspaper\/wp-content\/uploads\/2024\/08\/ANGELES-HERNANDEZ-BERENICE.jpg 800w, https:\/\/www.villaeducativa.edu.mx\/newspaper\/wp-content\/uploads\/2024\/08\/ANGELES-HERNANDEZ-BERENICE-300x300.jpg 300w, https:\/\/www.villaeducativa.edu.mx\/newspaper\/wp-content\/uploads\/2024\/08\/ANGELES-HERNANDEZ-BERENICE-150x150.jpg 150w, https:\/\/www.villaeducativa.edu.mx\/newspaper\/wp-content\/uploads\/2024\/08\/ANGELES-HERNANDEZ-BERENICE-768x768.jpg 768w, https:\/\/www.villaeducativa.edu.mx\/newspaper\/wp-content\/uploads\/2024\/08\/ANGELES-HERNANDEZ-BERENICE-600x600.jpg 600w, https:\/\/www.villaeducativa.edu.mx\/newspaper\/wp-content\/uploads\/2024\/08\/ANGELES-HERNANDEZ-BERENICE-100x100.jpg 100w\" sizes=\"(max-width: 150px) 100vw, 150px\" \/><\/figure><\/div>\n\n\n\n<p><strong><strong><span class=\"has-inline-color has-vivid-cyan-blue-color\"><strong>Berenice \u00c1ngeles<\/strong><br><\/span><\/strong><\/strong><span class=\"has-inline-color has-vivid-cyan-blue-color\"><em>Coordinadora Club<\/em><\/span><em><span class=\"has-inline-color has-vivid-cyan-blue-color\"> AfterSchool<\/span><\/em><\/p>\n\n\n\n<ul><li>Licenciatura en Relaciones P\u00fablicas&nbsp;(UVM)<\/li><li>Teacher\u00b4s Training Course (The&nbsp;Anglo)<\/li><li>Certificada por la Universidad de&nbsp;Cambridge con el ICELT<\/li><li>Capacitaci\u00f3n en Disciplina Consciente y Trabajo Constructivista<\/li><li>Certificada por la Universidad de Cambridge con el TKT&nbsp;y TTC<\/li><li>Google Educator Nivel 1<\/li><li>Capacitaci\u00f3n DUA (Desarrollo Universal para el&nbsp; Aprendizaje)<\/li><li>Capacitaci\u00f3n Inteligencia Artificial &amp; Canva<\/li><li>21 a\u00f1os laborando en el equipo de Ingl\u00e9s de Villa Educativa<\/li><\/ul>\n\n\n\n<hr class=\"wp-block-separator\" id=\"block-40a12236-2270-47f7-ab7a-4e65db333733\"\/>\n\n\n\n<div id=\"block-dc0f0912-6511-40ce-bc68-7204f29a1d18\" class=\"wp-block-image\"><figure class=\"alignright is-resized\"><img loading=\"lazy\" src=\"http:\/\/www.villaeducativa.edu.mx\/newspaper\/wp-content\/uploads\/2024\/08\/QUINTERO-ABRAMS-GEORGIA.jpg\" alt=\"La imagen tiene un atributo ALT vac\u00edo; su nombre de archivo es QUINTERO-ABRAMS-GEORGIA.jpg\" width=\"150\" height=\"150\"\/><\/figure><\/div>\n\n\n\n<p id=\"block-ad422edb-6dcc-4815-9d09-df5d2b894baf\"><span class=\"has-inline-color has-vivid-cyan-blue-color\"><strong>Georgia Quintero<br><\/strong><em>Monitora de Club<\/em><\/span>, <em><span class=\"has-inline-color has-vivid-cyan-blue-color\">Chef y Arte Kinder<\/span><\/em><\/p>\n\n\n\n<ul><li>Licenciatura en Educaci\u00f3n Especial (Escuela Normal de Especializaci\u00f3n)<\/li><li>Licenciatura en Educaci\u00f3n Preescolar<\/li><li>Capacitaci\u00f3n Did\u00e1ctica para Primaria. (CAM SEP)<\/li><li>Capacitaci\u00f3n en Reggio Emilia, Disciplina Consciente, Proceso de lecto escritura, Razonamiento matem\u00e1tico y Trabajo&nbsp;Constructivista<\/li><li>Curso de Primeros Auxilios<\/li><li>Imparte terapias de&nbsp;aprendizaje, as\u00ed como terapia f\u00edsica a personas con alguna discapacidad<\/li><li>Capacitaci\u00f3n DUA (Desarrollo Universal para el&nbsp; Aprendizaje)<\/li><li>Capacitaci\u00f3n Inteligencia Artificial&nbsp;&amp; Canva<\/li><li>Pertenece al equipo&nbsp; de Happy Kinder&nbsp; desde hace 14 a\u00f1os, es su tercer a\u00f1o en Villa Educativa<\/li><\/ul>\n\n\n\n<hr class=\"wp-block-separator\"\/>\n\n\n\n<div class=\"wp-block-image\"><figure class=\"alignright size-large is-resized\"><img loading=\"lazy\" src=\"http:\/\/www.villaeducativa.edu.mx\/newspaper\/wp-content\/uploads\/2024\/08\/SANCHEZ-DE-LA-TORRE-MARTHA-PAOLA.jpg\" alt=\"\" class=\"wp-image-109655\" width=\"150\" height=\"150\" srcset=\"https:\/\/www.villaeducativa.edu.mx\/newspaper\/wp-content\/uploads\/2024\/08\/SANCHEZ-DE-LA-TORRE-MARTHA-PAOLA.jpg 800w, https:\/\/www.villaeducativa.edu.mx\/newspaper\/wp-content\/uploads\/2024\/08\/SANCHEZ-DE-LA-TORRE-MARTHA-PAOLA-300x300.jpg 300w, https:\/\/www.villaeducativa.edu.mx\/newspaper\/wp-content\/uploads\/2024\/08\/SANCHEZ-DE-LA-TORRE-MARTHA-PAOLA-150x150.jpg 150w, https:\/\/www.villaeducativa.edu.mx\/newspaper\/wp-content\/uploads\/2024\/08\/SANCHEZ-DE-LA-TORRE-MARTHA-PAOLA-768x768.jpg 768w, https:\/\/www.villaeducativa.edu.mx\/newspaper\/wp-content\/uploads\/2024\/08\/SANCHEZ-DE-LA-TORRE-MARTHA-PAOLA-600x600.jpg 600w, https:\/\/www.villaeducativa.edu.mx\/newspaper\/wp-content\/uploads\/2024\/08\/SANCHEZ-DE-LA-TORRE-MARTHA-PAOLA-100x100.jpg 100w\" sizes=\"(max-width: 150px) 100vw, 150px\" \/><\/figure><\/div>\n\n\n\n<p><strong><span class=\"has-inline-color has-vivid-cyan-blue-color\">Paola S\u00e1nchez<br><\/span><\/strong><em><span class=\"has-inline-color has-vivid-cyan-blue-color\">Profesora<\/span><\/em><em><span class=\"has-inline-color has-vivid-cyan-blue-color\"> de Cheer &amp; Dance<\/span><\/em> <em><span class=\"has-inline-color has-vivid-cyan-blue-color\">y Arte<\/span><\/em><\/p>\n\n\n\n<ul><li>Licenciatura en Dise\u00f1o Gr\u00e1fico (Universidad de Londres)<\/li><li>Art &amp; Activity: Interactive Strategies for Engaging with Art (MoMA)<\/li><li>Capacitaci\u00f3n en Reggio Emilia&nbsp;<\/li><li>Diplomados en ilustraci\u00f3n y corrientes art\u00edsticas (Centro Cultural UNAM)<\/li><li>Capacitaci\u00f3n en Disciplina Consciente, innovaci\u00f3n en el desarrollo del Pensamiento Matem\u00e1tico, Lecto escritura y Trabajo Constructivista.<\/li><li>Capacitaci\u00f3n DUA (Desarrollo Universal para el&nbsp; Aprendizaje)<\/li><li>Capacitaci\u00f3n Inteligencia Artificial&nbsp; &amp; Canva<\/li><li>Es su tercer a\u00f1o colaborando en Happy Kinder<\/li><\/ul>\n\n\n\n<hr class=\"wp-block-separator\"\/>\n\n\n\n<div class=\"wp-block-image\"><figure class=\"alignright size-large is-resized\"><img loading=\"lazy\" src=\"http:\/\/www.villaeducativa.edu.mx\/newspaper\/wp-content\/uploads\/2024\/08\/mauricio.jpg\" alt=\"\" class=\"wp-image-109514\" width=\"150\" height=\"150\" srcset=\"https:\/\/www.villaeducativa.edu.mx\/newspaper\/wp-content\/uploads\/2024\/08\/mauricio.jpg 600w, https:\/\/www.villaeducativa.edu.mx\/newspaper\/wp-content\/uploads\/2024\/08\/mauricio-300x300.jpg 300w, https:\/\/www.villaeducativa.edu.mx\/newspaper\/wp-content\/uploads\/2024\/08\/mauricio-150x150.jpg 150w, https:\/\/www.villaeducativa.edu.mx\/newspaper\/wp-content\/uploads\/2024\/08\/mauricio-100x100.jpg 100w\" sizes=\"(max-width: 150px) 100vw, 150px\" \/><\/figure><\/div>\n\n\n\n<p><strong><span class=\"has-inline-color has-vivid-cyan-blue-color\">Mauricio Briffault<br><\/span><\/strong><em><span class=\"has-inline-color has-vivid-cyan-blue-color\">Profesor<\/span><\/em><em><span class=\"has-inline-color has-vivid-cyan-blue-color\"> de Karate (Primaria y Secundaria)<\/span><\/em><\/p>\n\n\n\n<ul><li>Licenciatura en Derecho (UNAM)<\/li><li>Abogado en Nacionalidad y Extranjer\u00eda<\/li><li>Capacitaci\u00f3n en Disciplina Consciente y Trabajo Constructivista<\/li><li>Flipped Learning<\/li><li>Curso de Primeros Auxilios Diciembre&nbsp; 2022<\/li><li>Cinta Negra 5\u00b0 Dan de la organizaci\u00f3n de karate (International Okinawan Goju Ryu Karatedo Federation)<\/li><li>Jefe Instructor para M\u00e9xico por parte (lOGKF)<\/li><li>Cinta Negra e Instructor por parte de la Federaci\u00f3n Mexicana de Karate<\/li><li>Seleccionado Nacional en la modalidad de Kata y Kata por equipos 1991 a 1993<\/li><li>Instructor en Acondicionamiento F\u00edsico General avalado por la CONADE<\/li><li>Instructor en Acondicionamiento Escolar avalado por la CONADE<\/li><li>Capacitaci\u00f3n Inteligencia Artificial&nbsp;&amp; Canva<\/li><li>20 a\u00f1os impartiendo clases de Karate en Villa Educativa y Villa High, 9 de ellos como profesor de educaci\u00f3n f\u00edsica<\/li><\/ul>\n\n\n\n<hr class=\"wp-block-separator\"\/>\n\n\n\n<div class=\"wp-block-image\"><figure class=\"alignright size-large is-resized\"><img loading=\"lazy\" src=\"http:\/\/www.villaeducativa.edu.mx\/newspaper\/wp-content\/uploads\/2024\/09\/LEON-VEGA-ALONSO.jpg\" alt=\"\" class=\"wp-image-110464\" width=\"150\" height=\"150\" srcset=\"https:\/\/www.villaeducativa.edu.mx\/newspaper\/wp-content\/uploads\/2024\/09\/LEON-VEGA-ALONSO.jpg 800w, https:\/\/www.villaeducativa.edu.mx\/newspaper\/wp-content\/uploads\/2024\/09\/LEON-VEGA-ALONSO-300x300.jpg 300w, https:\/\/www.villaeducativa.edu.mx\/newspaper\/wp-content\/uploads\/2024\/09\/LEON-VEGA-ALONSO-150x150.jpg 150w, https:\/\/www.villaeducativa.edu.mx\/newspaper\/wp-content\/uploads\/2024\/09\/LEON-VEGA-ALONSO-768x768.jpg 768w, https:\/\/www.villaeducativa.edu.mx\/newspaper\/wp-content\/uploads\/2024\/09\/LEON-VEGA-ALONSO-600x600.jpg 600w, https:\/\/www.villaeducativa.edu.mx\/newspaper\/wp-content\/uploads\/2024\/09\/LEON-VEGA-ALONSO-100x100.jpg 100w\" sizes=\"(max-width: 150px) 100vw, 150px\" \/><\/figure><\/div>\n\n\n\n<p><strong><span class=\"has-inline-color has-vivid-cyan-blue-color\">Alonso Le\u00f3n<br><\/span><\/strong><em><span class=\"has-inline-color has-vivid-cyan-blue-color\">Profesor<\/span><\/em><em><span class=\"has-inline-color has-vivid-cyan-blue-color\"> de Karate<\/span><\/em> <span class=\"has-inline-color has-vivid-cyan-blue-color\"><em>(Kinder)<\/em><\/span><\/p>\n\n\n\n<ul><li>Licenciado en Psicolog\u00eda (UNAM FES Zaragoza)&nbsp;<\/li><li>Diplomado en Actualizaci\u00f3n y Formaci\u00f3n en Docencia (UNAM FES Zaragoza)&nbsp;<\/li><li>Cinta Negra 2\u00b0 Dan Karate-Do Shito-Ryu por Dento Mabuni Internacional<\/li><li>Cinta Negra 1\u00b0 Dan Karate-Do Goju-Ryu por la International Okinawan Goju-ryu Karate-do Federation (IOGKF)<\/li><li>Curso de Primeros Auxilios<\/li><li>Seleccionado del equipo representativo de Karate-do por parte del Distrito Federal, Estado de M\u00e9xico y la UNAM<\/li><li>Suplente del entrenador del equipo de Karate-Do en la Universidad An\u00e1huac del Norte (2017-2019)<\/li><li>Juez de Karate representante de la Universidad An\u00e1huac Norte durante la Universiada Nacional (2017)<\/li><li>Capacitaci\u00f3n DUA (Desarrollo Universal para el&nbsp; Aprendizaje)<\/li><li>Capacitaci\u00f3n Inteligencia Artificial&nbsp;&amp; Canva<\/li><li>9 a\u00f1os de pertenecer al equipo de Club<\/li><\/ul>\n\n\n\n<hr class=\"wp-block-separator\"\/>\n\n\n\n<div class=\"wp-block-image\"><figure class=\"alignright size-large is-resized\"><img loading=\"lazy\" src=\"http:\/\/www.villaeducativa.edu.mx\/newspaper\/wp-content\/uploads\/2024\/09\/FAJARDO-ROMERO-EMMA-JIMENA.jpg\" alt=\"\" class=\"wp-image-110465\" width=\"150\" height=\"150\" srcset=\"https:\/\/www.villaeducativa.edu.mx\/newspaper\/wp-content\/uploads\/2024\/09\/FAJARDO-ROMERO-EMMA-JIMENA-150x150.jpg 150w, https:\/\/www.villaeducativa.edu.mx\/newspaper\/wp-content\/uploads\/2024\/09\/FAJARDO-ROMERO-EMMA-JIMENA-100x100.jpg 100w\" sizes=\"(max-width: 150px) 100vw, 150px\" \/><\/figure><\/div>\n\n\n\n<p><span class=\"has-inline-color has-vivid-cyan-blue-color\"><strong>Emma Fajardo<\/strong><br><em>Profesora de Ballet <\/em><\/span><em><span class=\"has-inline-color has-vivid-cyan-blue-color\">y<\/span><\/em><em><span class=\"has-inline-color has-vivid-cyan-blue-color\"> Baile<\/span><\/em><\/p>\n\n\n\n<ul><li>CBTS (Certificate ballet Teaching studies) maestra certificada de las RAD<\/li><li>&nbsp;Preparaci\u00f3n profesional con Laura Morelos \u201cPrimera bailarina de M\u00e9xico\u201c<\/li><li>12 a\u00f1os de experiencia docente, impartiendo ballet a ni\u00f1os, adolescentes y adultos<\/li><li>Curso de creatividad para la ense\u00f1anza a ni\u00f1os de 3 a 12 a\u00f1os con Ana Jurado<\/li><li>Workshop&nbsp; para mejorar la t\u00e9cnica en danza cl\u00e1sica<\/li><li>Seminario Aprende a detectar los problemas de lenguaje m\u00e1s frecuentes (IMAD)<\/li><li>Simposium TEA<\/li><li>Curso de asistente en educaci\u00f3n inclusiva, monitor\/ sombra AMAD e Iluminemos por el autismo (en curso)<\/li><li>Licenciatura en pedagog\u00eda UNITEC (en curso)<\/li><li>Capacitaci\u00f3n DUA (Desarrollo Universal para el&nbsp; Aprendizaje)<\/li><li>Capacitaci\u00f3n Inteligencia Artificial&nbsp;&amp; Canva<\/li><li>Es su tercer a\u00f1o en el equipo de Club<\/li><\/ul>\n\n\n\n<hr class=\"wp-block-separator\"\/>\n\n\n\n<div class=\"wp-block-image\"><figure class=\"alignright size-large is-resized\"><img loading=\"lazy\" src=\"http:\/\/www.villaeducativa.edu.mx\/newspaper\/wp-content\/uploads\/2024\/08\/BORGES-SANCHEZ-ROBERTO.jpg\" alt=\"\" class=\"wp-image-109685\" width=\"150\" height=\"150\" srcset=\"https:\/\/www.villaeducativa.edu.mx\/newspaper\/wp-content\/uploads\/2024\/08\/BORGES-SANCHEZ-ROBERTO.jpg 800w, https:\/\/www.villaeducativa.edu.mx\/newspaper\/wp-content\/uploads\/2024\/08\/BORGES-SANCHEZ-ROBERTO-300x300.jpg 300w, https:\/\/www.villaeducativa.edu.mx\/newspaper\/wp-content\/uploads\/2024\/08\/BORGES-SANCHEZ-ROBERTO-150x150.jpg 150w, https:\/\/www.villaeducativa.edu.mx\/newspaper\/wp-content\/uploads\/2024\/08\/BORGES-SANCHEZ-ROBERTO-768x768.jpg 768w, https:\/\/www.villaeducativa.edu.mx\/newspaper\/wp-content\/uploads\/2024\/08\/BORGES-SANCHEZ-ROBERTO-600x600.jpg 600w, https:\/\/www.villaeducativa.edu.mx\/newspaper\/wp-content\/uploads\/2024\/08\/BORGES-SANCHEZ-ROBERTO-100x100.jpg 100w\" sizes=\"(max-width: 150px) 100vw, 150px\" \/><\/figure><\/div>\n\n\n\n<p><strong><span class=\"has-inline-color has-vivid-cyan-blue-color\">Prof. Roberto Borges<\/span><br><\/strong><span style=\"color: #999999;\"><span class=\"has-inline-color has-vivid-cyan-blue-color\"><em>Profesor<\/em><\/span><\/span><span style=\"color: #999999;\"><span class=\"has-inline-color has-vivid-cyan-blue-color\"><em> de Historia del Arte&nbsp;<\/em><\/span><\/span><\/p>\n\n\n\n<ul><li>Native Speaker<\/li><li>Licenciatura en Dise\u00f1o de la Comunicaci\u00f3n Gr\u00e1fica (UAM)<\/li><li>Certificaci\u00f3n por The Anglo: TTC (Teachers Training Course)<\/li><li>Certificaciones por parte de la Universidad de Cambridge: &nbsp;TKT, FCE, CAE, ICELT<\/li><li>Capacitaci\u00f3n en Disciplina Consciente y Trabajo Constructivista<\/li><li>Capacitaci\u00f3n DUA (Desarrollo Universal para el&nbsp; Aprendizaje)<\/li><li>Capacitaci\u00f3n Inteligencia Artificial&nbsp;&amp; Canva<\/li><li>20 a\u00f1os de experiencia en Villa Educativa a cargo de grupos de Primaria<\/li><li>Experto en Arte y a cargo del taller de Historia del Arte en Club y Artes Visuales en Secundaria<\/li><\/ul>\n\n\n\n<hr class=\"wp-block-separator\"\/>\n\n\n\n<div id=\"block-5c168587-169a-41cd-b939-d95c76ca34af\" class=\"wp-block-image\"><figure class=\"alignright is-resized\"><img loading=\"lazy\" src=\"http:\/\/www.villaeducativa.edu.mx\/newspaper\/wp-content\/uploads\/2024\/08\/SANDIN-SANCHEZ-MAYOLA.jpg\" alt=\"La imagen tiene un atributo ALT vac\u00edo; su nombre de archivo es SANDIN-SANCHEZ-MAYOLA.jpg\" width=\"150\" height=\"150\"\/><\/figure><\/div>\n\n\n\n<p id=\"block-d832e550-953f-4283-b520-253bf9cd311e\"><strong><span class=\"has-inline-color has-vivid-cyan-blue-color\">Mayola Sandin<br><\/span><\/strong><em><span class=\"has-inline-color has-vivid-cyan-blue-color\">Profesora<\/span><\/em><em><span class=\"has-inline-color has-vivid-cyan-blue-color\"> de Motricidad, F\u00fatbol<\/span><\/em> <em><span class=\"has-inline-color has-vivid-cyan-blue-color\">e Iniciaci\u00f3n al Deporte<\/span><\/em><\/p>\n\n\n\n<ul id=\"block-b6b46555-dbfc-4e57-a057-52d20823a1d6\"><li>Licenciada en Educaci\u00f3n F\u00edsica en la Escuela Superior de Educaci\u00f3n F\u00edsica<\/li><li>Maestr\u00eda en Desarrollo de la Motricidad por parte de la Universidad de Puebla<\/li><li>Certificaci\u00f3n en Entrenamiento Deportivo Infantil CICED<\/li><li>Certificaci\u00f3n en entrenamiento deportivo con especialidad en basquetbol. Validez SEP<\/li><li>18 a\u00f1os de experiencia docente, impartiendo la asignatura de Educaci\u00f3n F\u00edsica en nivel preescolar, primaria y secundaria<\/li><li>15 a\u00f1os impartiendo actividades deportivas extra clase como f\u00fatbol, basquetbol, acondicionamiento f\u00edsico, Motricidad e Iniciaci\u00f3n Deportiva<\/li><li>Edpuzzle Certification Board<\/li><li>Capacitaci\u00f3n en disciplina consciente<\/li><li>Capacitaci\u00f3n DUA (Desarrollo Universal para el&nbsp; Aprendizaje)<\/li><li>Capacitaci\u00f3n Inteligencia Artificial&nbsp;&amp; Canva<\/li><li>Forma parte del equipo de Docentes de Villa Educativa desde hace tres a\u00f1os<\/li><\/ul>\n\n\n\n<hr class=\"wp-block-separator\"\/>\n\n\n\n<div id=\"block-cc4a94bc-78da-49e4-8e35-08c805f45148\" class=\"wp-block-image\"><figure class=\"alignright is-resized\"><img loading=\"lazy\" src=\"http:\/\/www.villaeducativa.edu.mx\/newspaper\/wp-content\/uploads\/2024\/08\/LUCARIO-ROSILLO-ITZAYANA-SAYURI.jpg\" alt=\"La imagen tiene un atributo ALT vac\u00edo; su nombre de archivo es LUCARIO-ROSILLO-ITZAYANA-SAYURI.jpg\" width=\"150\" height=\"150\"\/><\/figure><\/div>\n\n\n\n<p id=\"block-1d4b7bd1-d217-4077-8ba1-5ca30887e12e\"><strong><span class=\"has-inline-color has-vivid-cyan-blue-color\">Itzayana Lucario&nbsp;<br><\/span><\/strong><span class=\"has-inline-color has-vivid-cyan-blue-color\"><em>Profesora<\/em><\/span><span class=\"has-inline-color has-vivid-cyan-blue-color\"><em> Football<\/em><\/span><\/p>\n\n\n\n<ul id=\"block-9c694b1f-afd3-453d-9c3e-3fdd770db6be\"><li>Licenciatura en Educaci\u00f3n F\u00edsica en la Escuela Superior de Educaci\u00f3n F\u00edsica<\/li><li>Certificaci\u00f3n en Entrenamiento&nbsp; Deportivo Infantil<\/li><li>Diplomado en Profesionalizaci\u00f3n Deportiva en \u00c1mbito Escolar en Universidad An\u00e1huac<\/li><li>5 a\u00f1os perteneciendo al equipo de Villa Educativa<\/li><li>4 a\u00f1os de experiencia en Happy Kinder<\/li><li>7 a\u00f1os de experiencia en nivel secundaria<\/li><li>7 a\u00f1os de experiencia como entrenadora de voleibol<\/li><li>Cursos de primeros auxilios<\/li><li>Capacitaci\u00f3n DUA (Desarrollo Universal para el&nbsp; Aprendizaje)<\/li><li>Capacitaci\u00f3n Inteligencia Artificial&nbsp;&amp; Canva<\/li><li>Edpuzzle Certification Board<\/li><\/ul>\n\n\n\n<hr class=\"wp-block-separator\" id=\"block-832a3b40-d02c-4a1b-9164-c78ca2763aea\"\/>\n\n\n\n<div id=\"block-d8e49a97-236f-4160-97ca-051189504b94\" class=\"wp-block-image\"><figure class=\"alignright is-resized\"><img loading=\"lazy\" src=\"http:\/\/www.villaeducativa.edu.mx\/newspaper\/wp-content\/uploads\/2024\/08\/CRUZ-ARREOLA-MARIO.jpg\" alt=\"La imagen tiene un atributo ALT vac\u00edo; su nombre de archivo es CRUZ-ARREOLA-MARIO.jpg\" width=\"150\" height=\"150\"\/><\/figure><\/div>\n\n\n\n<p id=\"block-148e9643-1df2-4220-abbf-7e8872f6556d\"><strong><span class=\"has-inline-color has-vivid-cyan-blue-color\">Mario Cruz<br><\/span><\/strong><em><span class=\"has-inline-color has-vivid-cyan-blue-color\">Profesor de Bater\u00eda, Teclado<\/span><\/em><span class=\"has-inline-color has-vivid-cyan-blue-color\"><em> y Banda<\/em><\/span><\/p>\n\n\n\n<ul><li>Lic. Percusiones (Escuela&nbsp;Libre de M\u00fasica)<\/li><li>Curso de Armon\u00eda Moderna&nbsp;(Escuela Superior de Composici\u00f3n y Arreglo Musical)<\/li><li>Diplomado en&nbsp; Pro-tools (AVID M\u00e9xico)<\/li><li>Capacitaci\u00f3n en Disciplina Consciente,&nbsp;Constructivismo y Diferenciaci\u00f3n<\/li><li>Capacitaci\u00f3n en Flipped Learning, Gamificaci\u00f3n y Aprendizaje basado en retos<\/li><li>Capacitaci\u00f3n DUA (Desarrollo Universal para el&nbsp; Aprendizaje)<\/li><li>Capacitaci\u00f3n Inteligencia Artificial&nbsp;&amp; Canva<\/li><li>Pertenece al equipo de Villa Educativa desde hace 10 a\u00f1os<\/li><\/ul>\n\n\n\n<hr class=\"wp-block-separator\"\/>\n\n\n\n<div class=\"wp-block-image\"><figure class=\"alignright size-large is-resized\"><img loading=\"lazy\" src=\"http:\/\/www.villaeducativa.edu.mx\/newspaper\/wp-content\/uploads\/2024\/08\/AXEL-ORDAZ.jpg\" alt=\"\" class=\"wp-image-109658\" width=\"150\" height=\"150\" srcset=\"https:\/\/www.villaeducativa.edu.mx\/newspaper\/wp-content\/uploads\/2024\/08\/AXEL-ORDAZ.jpg 800w, https:\/\/www.villaeducativa.edu.mx\/newspaper\/wp-content\/uploads\/2024\/08\/AXEL-ORDAZ-300x300.jpg 300w, https:\/\/www.villaeducativa.edu.mx\/newspaper\/wp-content\/uploads\/2024\/08\/AXEL-ORDAZ-150x150.jpg 150w, https:\/\/www.villaeducativa.edu.mx\/newspaper\/wp-content\/uploads\/2024\/08\/AXEL-ORDAZ-768x768.jpg 768w, https:\/\/www.villaeducativa.edu.mx\/newspaper\/wp-content\/uploads\/2024\/08\/AXEL-ORDAZ-600x600.jpg 600w, https:\/\/www.villaeducativa.edu.mx\/newspaper\/wp-content\/uploads\/2024\/08\/AXEL-ORDAZ-100x100.jpg 100w\" sizes=\"(max-width: 150px) 100vw, 150px\" \/><\/figure><\/div>\n\n\n\n<p><strong><span class=\"has-inline-color has-vivid-cyan-blue-color\">Axel Ordaz<br><\/span><\/strong><em><span class=\"has-inline-color has-vivid-cyan-blue-color\">Profesor de Canto, Guitarra<\/span> <span class=\"has-inline-color has-vivid-cyan-blue-color\">y Banda<\/span><\/em><\/p>\n\n\n\n<ul><li>Licenciado en Composici\u00f3n de M\u00fasica Popular Contempor\u00e1nea (DIM)<\/li><li>Diplomado en Composici\u00f3n de Canciones de la Sociedad de Autores y Compositores de M\u00e9xico<\/li><li>Diplomado en Pedagog\u00eda Musical por DMC (CDMX)<\/li><li>Seminario Internacional de Primera Infancia&nbsp;<\/li><li>Capacitaci\u00f3n DUA (Desarrollo Universal para el&nbsp;Aprendizaje)<\/li><li>Capacitaci\u00f3n Inteligencia Artificial&nbsp;&amp; Canva<\/li><li>Capacitaci\u00f3n en Disciplina Consciente y Trabajo Constructivista<\/li><li>Proyecto Axel\u00f3fono<\/li><li>Es su segundo&nbsp;a\u00f1o en Villa Educativa<\/li><\/ul>\n\n\n\n<hr class=\"wp-block-separator\"\/>\n\n\n\n<div class=\"wp-block-image\"><figure class=\"alignright size-large is-resized\"><img loading=\"lazy\" src=\"http:\/\/www.villaeducativa.edu.mx\/newspaper\/wp-content\/uploads\/2024\/08\/ESPINOZA-REVILLAS-LUIS-FERNANDO.jpg\" alt=\"\" class=\"wp-image-109703\" width=\"150\" height=\"150\" srcset=\"https:\/\/www.villaeducativa.edu.mx\/newspaper\/wp-content\/uploads\/2024\/08\/ESPINOZA-REVILLAS-LUIS-FERNANDO.jpg 800w, https:\/\/www.villaeducativa.edu.mx\/newspaper\/wp-content\/uploads\/2024\/08\/ESPINOZA-REVILLAS-LUIS-FERNANDO-300x300.jpg 300w, https:\/\/www.villaeducativa.edu.mx\/newspaper\/wp-content\/uploads\/2024\/08\/ESPINOZA-REVILLAS-LUIS-FERNANDO-150x150.jpg 150w, https:\/\/www.villaeducativa.edu.mx\/newspaper\/wp-content\/uploads\/2024\/08\/ESPINOZA-REVILLAS-LUIS-FERNANDO-768x768.jpg 768w, https:\/\/www.villaeducativa.edu.mx\/newspaper\/wp-content\/uploads\/2024\/08\/ESPINOZA-REVILLAS-LUIS-FERNANDO-600x600.jpg 600w, https:\/\/www.villaeducativa.edu.mx\/newspaper\/wp-content\/uploads\/2024\/08\/ESPINOZA-REVILLAS-LUIS-FERNANDO-100x100.jpg 100w\" sizes=\"(max-width: 150px) 100vw, 150px\" \/><\/figure><\/div>\n\n\n\n<p><span class=\"has-inline-color has-vivid-cyan-blue-color\"><strong>Fernando Espinoza<\/strong><br><em>Profesor de Rob\u00f3tica<\/em><\/span><\/p>\n\n\n\n<ul><li>Ingeniero en Tecnolog\u00edas de la informaci\u00f3n y comunicaciones (TECNM)<\/li><li>T\u00e9cnico en programaci\u00f3n<\/li><li>Soporte y mantenimiento a equipos de c\u00f3mputo nivel software y hardware<\/li><li>Acreditaci\u00f3n de competencias en tecnolog\u00edas Microsoft Office<\/li><li>Constancia seminario Microsoft Azure Academic day<\/li><li>Acreditaci\u00f3n de competencias en redes Cisco<\/li><li>Fundamentos de Redes y Conceptos b\u00e1sicos de Redes<\/li><li>Dispositivos de Red y Configuraci\u00f3n Inicial<\/li><li>Direccionamiento de Red y Soluci\u00f3n de Problemas B\u00e1sicos<\/li><li>Soporte y Seguridad de Redes CCNA: Introducci\u00f3n a Redes CCNA: Fundamentos de Switching, Routing y Redes Inal\u00e1mbricas CCNA: Redes, Seguridad y Automatizaci\u00f3n Empresariales CCNA R&amp;S SCALING Networks<\/li><li>Capacitaci\u00f3n Kiva<\/li><li>Capacitaci\u00f3n Trastornos de Neurodesarrollo TDAH y Autismo<\/li><li>Experiencia en lenguajes de programaci\u00f3n Java,c++, Visual Basic,HTML, Android, sistemas gestores de Bases de Datos, Scratchs for education, Sistemas operativos windows, ios, linux, chrome OS, arduino, code.org, circuitos y electr\u00f3nicos<\/li><li>Wonder workshop dash robot coachs<\/li><li>Capacitaci\u00f3n DUA (Desarrollo Universal para el&nbsp;Aprendizaje)<\/li><li>Capacitaci\u00f3n Inteligencia Artificial&nbsp;&amp; Canva<\/li><li>3 a\u00f1os en el equipo de Villa Educativa<\/li><\/ul>\n\n\n\n<hr class=\"wp-block-separator\" id=\"block-c675b3d0-33d0-487f-a6b2-df7c32555018\"\/>\n\n\n\n<div id=\"block-1fc62c04-1b18-43f6-8299-13e0bbf60c90\" class=\"wp-block-image\"><figure class=\"alignright is-resized\"><img loading=\"lazy\" src=\"http:\/\/www.villaeducativa.edu.mx\/newspaper\/wp-content\/uploads\/2024\/08\/GARCIA-ESPINOSA-KAREN.jpg\" alt=\"La imagen tiene un atributo ALT vac\u00edo; su nombre de archivo es GARCIA-ESPINOSA-KAREN.jpg\" width=\"150\" height=\"150\"\/><\/figure><\/div>\n\n\n\n<p id=\"block-cdb2febd-8a63-4729-8fd3-486fd1a2a4cd\"><strong><span class=\"has-inline-color has-vivid-cyan-blue-color\">Karen Garc\u00eda<br><\/span><\/strong><em><span class=\"has-inline-color has-vivid-cyan-blue-color\">Maestra<\/span><\/em><em><span class=\"has-inline-color has-vivid-cyan-blue-color\"> de Tareas<\/span><\/em><\/p>\n\n\n\n<ul id=\"block-728c1bbf-b551-4f91-a710-87eb19341752\"><li>Licenciatura en Educaci\u00f3n Preescolar (Instituto Pedag\u00f3gico Anglo Espa\u00f1ol)<\/li><li>Capacitaci\u00f3n Did\u00e1ctica para Primaria (CAM SEP)<\/li><li>Cursos en Estrategias de aprendizaje basadas en la neuroeducaci\u00f3n, Emociones en el aula&nbsp;y automatizaci\u00f3n del aprendizaje, Redacci\u00f3n y lectura r\u00e1pida<\/li><li>Capacitaci\u00f3n en estrategias e innovaci\u00f3n en el desarrollo del Pensamiento Matem\u00e1tico, Lecto escritura, Trabajo constructivista, Reggio Emilia y Disciplina consciente<\/li><li>Curso de Primeros auxilios<\/li><li>Congreso \u201cLenguajes narrativos &#8211; compartiendo historias\u201d<\/li><li>Curso Matem\u00e1ticas OAOA \u201cLa construcci\u00f3n del razonamiento l\u00f3gico-matem\u00e1tico en educaci\u00f3n primaria\u201d<\/li><li>Diplomado en dislexia, intervenci\u00f3n pedag\u00f3gica desde la evidencia cient\u00edfica<\/li><li>Google Educator Nivel 1<\/li><li>Capacitaci\u00f3n DUA (Desarrollo Universal para el&nbsp; Aprendizaje)<\/li><li>Capacitaci\u00f3n Inteligencia Artificial&nbsp;&amp; Canva<\/li><li>Pertenece al equipo&nbsp; de Villa Educativa desde hace 14 a\u00f1os<\/li><\/ul>\n\n\n\n<hr class=\"wp-block-separator\"\/>\n\n\n\n<div class=\"wp-block-image\"><figure class=\"alignright size-large is-resized\"><img loading=\"lazy\" src=\"http:\/\/www.villaeducativa.edu.mx\/newspaper\/wp-content\/uploads\/2024\/08\/GONZALEZ-GOMEZ-KAREN-ABIGAIL.jpg\" alt=\"\" class=\"wp-image-109691\" width=\"150\" height=\"150\" srcset=\"https:\/\/www.villaeducativa.edu.mx\/newspaper\/wp-content\/uploads\/2024\/08\/GONZALEZ-GOMEZ-KAREN-ABIGAIL.jpg 800w, https:\/\/www.villaeducativa.edu.mx\/newspaper\/wp-content\/uploads\/2024\/08\/GONZALEZ-GOMEZ-KAREN-ABIGAIL-300x300.jpg 300w, https:\/\/www.villaeducativa.edu.mx\/newspaper\/wp-content\/uploads\/2024\/08\/GONZALEZ-GOMEZ-KAREN-ABIGAIL-150x150.jpg 150w, https:\/\/www.villaeducativa.edu.mx\/newspaper\/wp-content\/uploads\/2024\/08\/GONZALEZ-GOMEZ-KAREN-ABIGAIL-768x768.jpg 768w, https:\/\/www.villaeducativa.edu.mx\/newspaper\/wp-content\/uploads\/2024\/08\/GONZALEZ-GOMEZ-KAREN-ABIGAIL-600x600.jpg 600w, https:\/\/www.villaeducativa.edu.mx\/newspaper\/wp-content\/uploads\/2024\/08\/GONZALEZ-GOMEZ-KAREN-ABIGAIL-100x100.jpg 100w\" sizes=\"(max-width: 150px) 100vw, 150px\" \/><\/figure><\/div>\n\n\n\n<p><strong><span class=\"has-inline-color has-vivid-cyan-blue-color\">Karen Gonz\u00e1lez<br><\/span><\/strong><span style=\"color: #999999;\"><span class=\"has-inline-color has-vivid-cyan-blue-color\"><em>Maestra<\/em><\/span><\/span><span style=\"color: #999999;\"><span class=\"has-inline-color has-vivid-cyan-blue-color\"><em> de Tareas<\/em><\/span><\/span><\/p>\n\n\n\n<ul><li>Maestr\u00eda en educaci\u00f3n<\/li><li>Licenciatura en Pedagog\u00eda<\/li><li>Capacitaci\u00f3n did\u00e1ctica para docentes de educaci\u00f3n primaria CAM<\/li><li>Maestr\u00eda en Educaci\u00f3n (UNITEC)<\/li><li>Diplomado en psicolog\u00eda organizacional<\/li><li>Licenciatura en Psicolog\u00eda (UNITEC)<\/li><li>Experiencia en terapia psicol\u00f3gica y de aprendizaje<\/li><li>Capacitaci\u00f3n en Disciplina Consciente, Constructivismo y Diferenciaci\u00f3n<\/li><li>Capacitaci\u00f3n Inteligencia Artificial &amp; Canva<\/li><li>Google Educator Nivel 1<\/li><li>Capacitaci\u00f3n en primeros auxilios<\/li><li>5 a\u00f1os en el equipo de Villa Educativa<\/li><\/ul>\n\n\n\n<hr class=\"wp-block-separator\" id=\"block-89524be0-549f-437c-827c-037df49045e4\"\/>\n\n\n\n<div class=\"wp-block-image\"><figure class=\"alignright size-large is-resized\"><img loading=\"lazy\" src=\"http:\/\/www.villaeducativa.edu.mx\/newspaper\/wp-content\/uploads\/2024\/08\/Samantha-Estrada.jpg\" alt=\"\" class=\"wp-image-109695\" width=\"150\" height=\"150\" srcset=\"https:\/\/www.villaeducativa.edu.mx\/newspaper\/wp-content\/uploads\/2024\/08\/Samantha-Estrada.jpg 800w, https:\/\/www.villaeducativa.edu.mx\/newspaper\/wp-content\/uploads\/2024\/08\/Samantha-Estrada-300x300.jpg 300w, https:\/\/www.villaeducativa.edu.mx\/newspaper\/wp-content\/uploads\/2024\/08\/Samantha-Estrada-150x150.jpg 150w, https:\/\/www.villaeducativa.edu.mx\/newspaper\/wp-content\/uploads\/2024\/08\/Samantha-Estrada-768x768.jpg 768w, https:\/\/www.villaeducativa.edu.mx\/newspaper\/wp-content\/uploads\/2024\/08\/Samantha-Estrada-600x600.jpg 600w, https:\/\/www.villaeducativa.edu.mx\/newspaper\/wp-content\/uploads\/2024\/08\/Samantha-Estrada-100x100.jpg 100w\" sizes=\"(max-width: 150px) 100vw, 150px\" \/><\/figure><\/div>\n\n\n\n<p><strong><span class=\"has-inline-color has-vivid-cyan-blue-color\">Samantha Estrada<br><\/span><\/strong><em><span class=\"has-inline-color has-vivid-cyan-blue-color\">Maestra de Tareas<\/span><\/em> <span class=\"has-inline-color has-vivid-cyan-blue-color\"><em>Espa\u00f1ol<\/em><\/span><\/p>\n\n\n\n<ul><li>Maestr\u00eda en Educaci\u00f3n\/Especialidad en Tecnolog\u00eda (Universidad Interamericana para el desarrollo)&nbsp;<\/li><li>Licenciatura en Pedagog\u00eda (UIN)<\/li><li>Curso de Capacitaci\u00f3n Did\u00e1ctica para docentes de educaci\u00f3n primaria. (Centro de Actualizaci\u00f3n del Magisterio-SEP)<\/li><li>Diplomado en Competencias Docentes para la Educaci\u00f3n Actual. Incorporaci\u00f3n de las TIC en el Aula. Reg. S.T.P.S No. IID-841029-Ic7-0013<\/li><li>Diplomado: Desarrollo Personal con T\u00e9cnicas de Programaci\u00f3n Neuroling\u00fc\u00edstica. Reg. S.T.P.S CID9402230013&nbsp;<\/li><li>Curso Aprendizajes Clave (Direcci\u00f3n General de Formaci\u00f3n Continua a Docentes y Directivos-SEP)<\/li><li>Curso \u201cDesarrollo de Ambientes de Aprendizaje\u00bb (Universidad Panamericana)<\/li><li>Curso \u201cGesti\u00f3n de Riesgos y Apoyo Socioemocional en la Escuela\u201d Secretar\u00eda de Gesti\u00f3n de Riesgos y Protecci\u00f3n Civil<\/li><li>Capacitaci\u00f3n DUA (Desarrollo Universal para el&nbsp; Aprendizaje)<\/li><li>Capacitaci\u00f3n Inteligencia Artificial&nbsp;&amp; Canva<\/li><li>13 a\u00f1os de experiencia como profesora de Educaci\u00f3n B\u00e1sica<\/li><li>Es su segundo&nbsp;a\u00f1o en Villa Educativa<\/li><\/ul>\n\n\n\n<hr class=\"wp-block-separator\"\/>\n\n\n\n<p><strong><span class=\"has-inline-color has-vivid-cyan-blue-color\">M\u00f3nica Rosales\u00a0<br><\/span><\/strong><em><span class=\"has-inline-color has-vivid-cyan-blue-color\">Maestra<\/span><\/em><em><span class=\"has-inline-color has-vivid-cyan-blue-color\"> de Tareas<\/span><\/em> <em><span class=\"has-inline-color has-vivid-cyan-blue-color\">Espa\u00f1ol<\/span><\/em><\/p>\n\n\n\n<div class=\"wp-block-image\"><figure class=\"alignright size-large is-resized\"><img loading=\"lazy\" src=\"http:\/\/www.villaeducativa.edu.mx\/newspaper\/wp-content\/uploads\/2024\/08\/Monica-Rosales.jpg\" alt=\"\" class=\"wp-image-109696\" width=\"150\" height=\"150\" srcset=\"https:\/\/www.villaeducativa.edu.mx\/newspaper\/wp-content\/uploads\/2024\/08\/Monica-Rosales.jpg 800w, https:\/\/www.villaeducativa.edu.mx\/newspaper\/wp-content\/uploads\/2024\/08\/Monica-Rosales-300x300.jpg 300w, https:\/\/www.villaeducativa.edu.mx\/newspaper\/wp-content\/uploads\/2024\/08\/Monica-Rosales-150x150.jpg 150w, https:\/\/www.villaeducativa.edu.mx\/newspaper\/wp-content\/uploads\/2024\/08\/Monica-Rosales-768x768.jpg 768w, https:\/\/www.villaeducativa.edu.mx\/newspaper\/wp-content\/uploads\/2024\/08\/Monica-Rosales-600x600.jpg 600w, https:\/\/www.villaeducativa.edu.mx\/newspaper\/wp-content\/uploads\/2024\/08\/Monica-Rosales-100x100.jpg 100w\" sizes=\"(max-width: 150px) 100vw, 150px\" \/><\/figure><\/div>\n\n\n\n<ul><li>Licenciatura en Interpretaci\u00f3n y Traducci\u00f3n (Instituto Superior de Int\u00e9rpretes y Traductores)<\/li><li>Licenciatura en Pedagog\u00eda (CONAIP)<\/li><li>Diplomado en Traducci\u00f3n Legal<\/li><li>Curso Liderazgo, Trabajo en equipo e inteligencia emocional<\/li><li>Certificaciones Metodolog\u00eda de la ense\u00f1anza de la lengua inglesa: TKT<\/li><li>Certificaci\u00f3n dominio lengua inglesa: ESL<\/li><li>Teacher\u2019s Training Course<\/li><li>15 a\u00f1os de experiencia<\/li><li>Capacitaci\u00f3n DUA (Desarrollo Universal para el&nbsp; Aprendizaje)<\/li><li>Capacitaci\u00f3n Inteligencia Artificial &amp; Canva<\/li><li>Es su segundo a\u00f1o en Villa Educativa<\/li><\/ul>\n\n\n\n<hr class=\"wp-block-separator\"\/>\n\n\n\n<div class=\"wp-block-image\"><figure class=\"alignright size-large is-resized\"><img loading=\"lazy\" src=\"http:\/\/www.villaeducativa.edu.mx\/newspaper\/wp-content\/uploads\/2024\/08\/MARTINEZ-FRANCO-ANAYELI.jpg\" alt=\"\" class=\"wp-image-109675\" width=\"150\" height=\"150\" srcset=\"https:\/\/www.villaeducativa.edu.mx\/newspaper\/wp-content\/uploads\/2024\/08\/MARTINEZ-FRANCO-ANAYELI.jpg 800w, https:\/\/www.villaeducativa.edu.mx\/newspaper\/wp-content\/uploads\/2024\/08\/MARTINEZ-FRANCO-ANAYELI-300x300.jpg 300w, https:\/\/www.villaeducativa.edu.mx\/newspaper\/wp-content\/uploads\/2024\/08\/MARTINEZ-FRANCO-ANAYELI-150x150.jpg 150w, https:\/\/www.villaeducativa.edu.mx\/newspaper\/wp-content\/uploads\/2024\/08\/MARTINEZ-FRANCO-ANAYELI-768x768.jpg 768w, https:\/\/www.villaeducativa.edu.mx\/newspaper\/wp-content\/uploads\/2024\/08\/MARTINEZ-FRANCO-ANAYELI-600x600.jpg 600w, https:\/\/www.villaeducativa.edu.mx\/newspaper\/wp-content\/uploads\/2024\/08\/MARTINEZ-FRANCO-ANAYELI-100x100.jpg 100w\" sizes=\"(max-width: 150px) 100vw, 150px\" \/><\/figure><\/div>\n\n\n\n<p><span class=\"has-inline-color has-vivid-cyan-blue-color\"><strong>Anayeli Hern\u00e1ndez<\/strong><\/span><br><em><span class=\"has-inline-color has-vivid-cyan-blue-color\">Maestra de Tareas Espa\u00f1ol<\/span><\/em><\/p>\n\n\n\n<ul><li>Licenciada en Pedagog\u00eda (Centro Universitario Euroamericano)<\/li><li>Especialidad en Recursos Humanos<\/li><li>Capacitaci\u00f3n Did\u00e1ctica para Profesores de Educaci\u00f3n Primaria. (CAM SEP)<\/li><li>Curso de estimulaci\u00f3n temprana (An\u00e1huac)<\/li><li>Capacitaci\u00f3n en Reggio Emilia<\/li><li>Capacitaci\u00f3n de Disciplina Consciente, Trabajo Constructivista, Diferenciaci\u00f3n, Lecto escritura y razonamiento matem\u00e1tico<\/li><li>Capacitaci\u00f3n DUA (Desarrollo Universal para el&nbsp; Aprendizaje)&nbsp;Capacitaci\u00f3n Inteligencia Artificial &amp; Canva<\/li><li>Curso de Primeros Auxilios<\/li><li>Google Educator Nivel 1 y 2<\/li><li>9 a\u00f1os en el equipo de Villa Educativa<\/li><\/ul>\n\n\n\n<hr class=\"wp-block-separator\"\/>\n\n\n\n<div class=\"wp-block-image\"><figure class=\"alignright size-large is-resized\"><img loading=\"lazy\" src=\"http:\/\/www.villaeducativa.edu.mx\/newspaper\/wp-content\/uploads\/2024\/08\/FLORES-FLORES-VALERIA.jpg\" alt=\"\" class=\"wp-image-109656\" width=\"150\" height=\"150\" srcset=\"https:\/\/www.villaeducativa.edu.mx\/newspaper\/wp-content\/uploads\/2024\/08\/FLORES-FLORES-VALERIA.jpg 800w, https:\/\/www.villaeducativa.edu.mx\/newspaper\/wp-content\/uploads\/2024\/08\/FLORES-FLORES-VALERIA-300x300.jpg 300w, https:\/\/www.villaeducativa.edu.mx\/newspaper\/wp-content\/uploads\/2024\/08\/FLORES-FLORES-VALERIA-150x150.jpg 150w, https:\/\/www.villaeducativa.edu.mx\/newspaper\/wp-content\/uploads\/2024\/08\/FLORES-FLORES-VALERIA-768x768.jpg 768w, https:\/\/www.villaeducativa.edu.mx\/newspaper\/wp-content\/uploads\/2024\/08\/FLORES-FLORES-VALERIA-600x600.jpg 600w, https:\/\/www.villaeducativa.edu.mx\/newspaper\/wp-content\/uploads\/2024\/08\/FLORES-FLORES-VALERIA-100x100.jpg 100w\" sizes=\"(max-width: 150px) 100vw, 150px\" \/><\/figure><\/div>\n\n\n\n<p><strong><span class=\"has-inline-color has-vivid-cyan-blue-color\">Valeria Flores<\/span><br><\/strong><span style=\"color: #999999;\"><span class=\"has-inline-color has-vivid-cyan-blue-color\"><em>Maestra de Tareas Ingl\u00e9s<\/em><\/span><\/span><\/p>\n\n\n\n<ul><li>Licenciatura en Educaci\u00f3n Preescolar (La Salle)<\/li><li>Certificaciones por la Universidad de Cambridge&nbsp;TKT, FCE<\/li><li>Capacitaci\u00f3n en Disciplina Consciente, Positiva, Reggio Emilia, Trabajo Constructivista y Jolly Phonics<\/li><li>Curso Proyectar la Ense\u00f1anza<\/li><li>Google Certification Nivel 1<\/li><li>Curso primeros auxilios<\/li><li>Capacitaci\u00f3n DUA (Desarrollo Universal para el&nbsp; Aprendizaje)<\/li><li>Capacitaci\u00f3n Inteligencia Artificial&nbsp;&amp; Canva<\/li><li>4 a\u00f1os colaborando en Happy Kinder<\/li><\/ul>\n\n\n\n<hr class=\"wp-block-separator\"\/>\n\n\n\n<div class=\"wp-block-image\"><figure class=\"alignright size-large is-resized\"><img loading=\"lazy\" src=\"http:\/\/www.villaeducativa.edu.mx\/newspaper\/wp-content\/uploads\/2025\/09\/diana-rendon-1024x1024.jpg\" alt=\"\" class=\"wp-image-138782\" width=\"150\" height=\"150\" srcset=\"https:\/\/www.villaeducativa.edu.mx\/newspaper\/wp-content\/uploads\/2025\/09\/diana-rendon-1024x1024.jpg 1024w, https:\/\/www.villaeducativa.edu.mx\/newspaper\/wp-content\/uploads\/2025\/09\/diana-rendon-300x300.jpg 300w, https:\/\/www.villaeducativa.edu.mx\/newspaper\/wp-content\/uploads\/2025\/09\/diana-rendon-150x150.jpg 150w, https:\/\/www.villaeducativa.edu.mx\/newspaper\/wp-content\/uploads\/2025\/09\/diana-rendon-768x768.jpg 768w, https:\/\/www.villaeducativa.edu.mx\/newspaper\/wp-content\/uploads\/2025\/09\/diana-rendon-600x600.jpg 600w, https:\/\/www.villaeducativa.edu.mx\/newspaper\/wp-content\/uploads\/2025\/09\/diana-rendon-100x100.jpg 100w, https:\/\/www.villaeducativa.edu.mx\/newspaper\/wp-content\/uploads\/2025\/09\/diana-rendon.jpg 1181w\" sizes=\"(max-width: 150px) 100vw, 150px\" \/><\/figure><\/div>\n\n\n\n<p><span class=\"has-inline-color has-vivid-cyan-blue-color\"><strong>Diana Rend\u00f3n<\/strong><br><em>Maestra de Tereas Ingl\u00e9s<\/em><\/span><\/p>\n\n\n\n<ul><li>Licenciatura en Pedagog\u00eda&nbsp;<\/li><li>Capacitaci\u00f3n Did\u00e1ctica para Primaria (CAM SEP)<\/li><li>Nivel ingl\u00e9s Cambridge C1, Teachers<\/li><li>Capacitaci\u00f3n en estrategias e innovaci\u00f3n en el desarrollo del Pensamiento Matem\u00e1tico, Lectoescritura, Trabajo constructivista, Reggio Emilia y Disciplina consciente<\/li><li>Curso de Primeros Auxilios<\/li><li>Capacitaci\u00f3n DUA (Desarrollo Universal para el&nbsp; Aprendizaje)<\/li><li>Capacitaci\u00f3n Inteligencia Artificial &amp; Canva<\/li><li>2 a\u00f1os en el equipo de Villa Educativa<\/li><\/ul>\n\n\n\n<hr class=\"wp-block-separator\"\/>\n\n\n\n<div class=\"wp-block-image\"><figure class=\"alignright size-large is-resized\"><img loading=\"lazy\" src=\"http:\/\/www.villaeducativa.edu.mx\/newspaper\/wp-content\/uploads\/2024\/08\/GALLEGOS-PEREA-ROSA-LUZ.jpg\" alt=\"\" class=\"wp-image-109649\" width=\"150\" height=\"150\" srcset=\"https:\/\/www.villaeducativa.edu.mx\/newspaper\/wp-content\/uploads\/2024\/08\/GALLEGOS-PEREA-ROSA-LUZ.jpg 800w, https:\/\/www.villaeducativa.edu.mx\/newspaper\/wp-content\/uploads\/2024\/08\/GALLEGOS-PEREA-ROSA-LUZ-300x300.jpg 300w, https:\/\/www.villaeducativa.edu.mx\/newspaper\/wp-content\/uploads\/2024\/08\/GALLEGOS-PEREA-ROSA-LUZ-150x150.jpg 150w, https:\/\/www.villaeducativa.edu.mx\/newspaper\/wp-content\/uploads\/2024\/08\/GALLEGOS-PEREA-ROSA-LUZ-768x768.jpg 768w, https:\/\/www.villaeducativa.edu.mx\/newspaper\/wp-content\/uploads\/2024\/08\/GALLEGOS-PEREA-ROSA-LUZ-600x600.jpg 600w, https:\/\/www.villaeducativa.edu.mx\/newspaper\/wp-content\/uploads\/2024\/08\/GALLEGOS-PEREA-ROSA-LUZ-100x100.jpg 100w\" sizes=\"(max-width: 150px) 100vw, 150px\" \/><\/figure><\/div>\n\n\n\n<p id=\"block-0130bac6-c62f-4f15-a82b-9cda7d5832d9\"><strong><span class=\"has-inline-color has-vivid-cyan-blue-color\">Luz Gallegos<br><\/span><\/strong><em><span class=\"has-inline-color has-vivid-cyan-blue-color\">Maestra de Tareas Ingl\u00e9s<\/span><\/em><\/p>\n\n\n\n<ul id=\"block-ad2c1028-4966-40ba-b6f1-4d485d90bcc8\"><li>Licenciatura en Educaci\u00f3n Preescolar&nbsp;<\/li><li>The Teacher Training Course por The Anglo<\/li><li>Professional English Teacher for Preschool por el Instituto Mexicano de Estimulaci\u00f3n Temprana y Desarrollo Humano A.C.<\/li><li>Certificaci\u00f3n Franc\u00e9s DELF B1 en la Alianza Francesa<\/li><li>Certificaci\u00f3n Ingl\u00e9s (CELEX ESIME Azcapotzalco)<\/li><li>Diplomado atenci\u00f3n a problemas de lenguaje en edad preescolar<\/li><li>13 a\u00f1os de experiencia como maestra titular de preescolar<\/li><li>BRAIN GYM en IMETYD A.C. 2017<\/li><li>Capacitaci\u00f3n en Reggio Emilia, Disciplina Consciente, Trabajo Constructivista y Jolly Phonics<\/li><li>Google Certification Nivel 1<\/li><li>Curso en Primeros Auxilios<\/li><li>Capacitaci\u00f3n DUA (Desarrollo Universal para el&nbsp; Aprendizaje)<\/li><li>Capacitaci\u00f3n Inteligencia Artificial&nbsp;&amp; Canva<\/li><li>6 a\u00f1os colaborando&nbsp;en el equipo de Happy&nbsp;Kinder<\/li><\/ul>\n\n\n\n<hr class=\"wp-block-separator\"\/>\n\n\n\n<div class=\"wp-block-image\"><figure class=\"alignright size-large\"><img loading=\"lazy\" width=\"800\" height=\"800\" src=\"http:\/\/www.villaeducativa.edu.mx\/newspaper\/wp-content\/uploads\/2025\/09\/ESPINOSA-ROJAS-KRISTA-MARITERE.jpg\" alt=\"\" class=\"wp-image-138933\" srcset=\"https:\/\/www.villaeducativa.edu.mx\/newspaper\/wp-content\/uploads\/2025\/09\/ESPINOSA-ROJAS-KRISTA-MARITERE.jpg 800w, https:\/\/www.villaeducativa.edu.mx\/newspaper\/wp-content\/uploads\/2025\/09\/ESPINOSA-ROJAS-KRISTA-MARITERE-300x300.jpg 300w, https:\/\/www.villaeducativa.edu.mx\/newspaper\/wp-content\/uploads\/2025\/09\/ESPINOSA-ROJAS-KRISTA-MARITERE-150x150.jpg 150w, https:\/\/www.villaeducativa.edu.mx\/newspaper\/wp-content\/uploads\/2025\/09\/ESPINOSA-ROJAS-KRISTA-MARITERE-768x768.jpg 768w, https:\/\/www.villaeducativa.edu.mx\/newspaper\/wp-content\/uploads\/2025\/09\/ESPINOSA-ROJAS-KRISTA-MARITERE-600x600.jpg 600w, https:\/\/www.villaeducativa.edu.mx\/newspaper\/wp-content\/uploads\/2025\/09\/ESPINOSA-ROJAS-KRISTA-MARITERE-100x100.jpg 100w\" sizes=\"(max-width: 800px) 100vw, 800px\" \/><\/figure><\/div>\n\n\n\n<p><span class=\"has-inline-color has-vivid-cyan-blue-color\"><strong>Krista Espinosa<\/strong><br><em>Maestra de Tareas Ingl\u00e9s\u00a0<\/em><\/span><\/p>\n\n\n\n<ul><li>Licenciatura en Educaci\u00f3n Preescolar<\/li><li>Capacitaci\u00f3n Did\u00e1ctica para Profesores de Educaci\u00f3n Primaria. (CAM SEP )<\/li><li>Certificaciones por la Universidad de Cambridge\u00a0<\/li><li>Capacitaci\u00f3n en Disciplina Consciente, Positiva, Reggio Emilia, Trabajo Constructivista y Jolly Phonics<\/li><li>Capacitaci\u00f3n DUA (Desarrollo Universal para el\u00a0 Aprendizaje)<\/li><li>Capacitaci\u00f3n Inteligencia Artificial &amp; Canva<\/li><li>Es su segundo a\u00f1o colaborando en Villa Educativa<\/li><\/ul>\n","protected":false},"excerpt":{"rendered":"<p>Berenice \u00c1ngelesCoordinadora Club AfterSchool Licenciatura en Relaciones P\u00fablicas&nbsp;(UVM) Teacher\u00b4s Training Course (The&nbsp;Anglo) Certificada por la Universidad de&nbsp;Cambridge con el ICELT Capacitaci\u00f3n en Disciplina Consciente y Trabajo Constructivista Certificada por la Universidad de Cambridge con el TKT&nbsp;y TTC Google Educator Nivel 1 Capacitaci\u00f3n DUA (Desarrollo Universal para el&nbsp; Aprendizaje) Capacitaci\u00f3n Inteligencia&hellip; <\/p>\n","protected":false},"author":2,"featured_media":138777,"comment_status":"closed","ping_status":"closed","sticky":false,"template":"","format":"standard","meta":{"ngg_post_thumbnail":0},"categories":[5],"tags":[],"_links":{"self":[{"href":"https:\/\/www.villaeducativa.edu.mx\/newspaper\/index.php?rest_route=\/wp\/v2\/posts\/110193"}],"collection":[{"href":"https:\/\/www.villaeducativa.edu.mx\/newspaper\/index.php?rest_route=\/wp\/v2\/posts"}],"about":[{"href":"https:\/\/www.villaeducativa.edu.mx\/newspaper\/index.php?rest_route=\/wp\/v2\/types\/post"}],"author":[{"embeddable":true,"href":"https:\/\/www.villaeducativa.edu.mx\/newspaper\/index.php?rest_route=\/wp\/v2\/users\/2"}],"replies":[{"embeddable":true,"href":"https:\/\/www.villaeducativa.edu.mx\/newspaper\/index.php?rest_route=%2Fwp%2Fv2%2Fcomments&post=110193"}],"version-history":[{"count":18,"href":"https:\/\/www.villaeducativa.edu.mx\/newspaper\/index.php?rest_route=\/wp\/v2\/posts\/110193\/revisions"}],"predecessor-version":[{"id":138949,"href":"https:\/\/www.villaeducativa.edu.mx\/newspaper\/index.php?rest_route=\/wp\/v2\/posts\/110193\/revisions\/138949"}],"wp:featuredmedia":[{"embeddable":true,"href":"https:\/\/www.villaeducativa.edu.mx\/newspaper\/index.php?rest_route=\/wp\/v2\/media\/138777"}],"wp:attachment":[{"href":"https:\/\/www.villaeducativa.edu.mx\/newspaper\/index.php?rest_route=%2Fwp%2Fv2%2Fmedia&parent=110193"}],"wp:term":[{"taxonomy":"category","embeddable":true,"href":"https:\/\/www.villaeducativa.edu.mx\/newspaper\/index.php?rest_route=%2Fwp%2Fv2%2Fcategories&post=110193"},{"taxonomy":"post_tag","embeddable":true,"href":"https:\/\/www.villaeducativa.edu.mx\/newspaper\/index.php?rest_route=%2Fwp%2Fv2%2Ftags&post=110193"}],"curies":[{"name":"wp","href":"https:\/\/api.w.org\/{rel}","templated":true}]}}