{"id":109523,"date":"2025-08-19T06:00:00","date_gmt":"2025-08-19T11:00:00","guid":{"rendered":"https:\/\/www.villaeducativa.edu.mx\/newspaper\/?p=109523"},"modified":"2025-09-03T16:34:14","modified_gmt":"2025-09-03T21:34:14","slug":"informacion-de-lunch-y-comedor","status":"publish","type":"post","link":"https:\/\/www.villaeducativa.edu.mx\/newspaper\/?p=109523","title":{"rendered":"Informaci\u00f3n de lunch y comedor"},"content":{"rendered":"\n<p>Nuestra cafeter\u00eda ofrece servicio de <strong>lunch <\/strong>para Kinder y Primaria, as\u00ed como&nbsp;servicio de<strong> comedor<\/strong> para todos los niveles.<\/p>\n\n\n\n<p>Si su hijo desea comer en el comedor, puede solicitar el servicio previamente en Servicios Escolares y el alumno ser\u00e1 supervisado por asistentes educativas y monitoras mientras come. Usted podr\u00e1 recogerlo 30 minutos m\u00e1s tarde de la hora de tolerancia a la salida, es decir:<\/p>\n\n\n\n<ul><li>Kinder come 2:00 p.m. debe recogerlo 2:30 p.m.<\/li><li>Primaria come 3:00 p.m. debe recogerlo 3:30 p.m.<\/li><li>Secundaria come 3:30 p.m. debe recogerlo 3:50 p.m.<\/li><\/ul>\n\n\n\n<p>Puede solicitar el lunch mensual o diario en Servicios Escolares.<\/p>\n\n\n\n<p>Si su hijo est\u00e1 inscrito en Club AfterSchool, <strong>todas las actividades incluyen comedor<\/strong> los d\u00edas que acuda a la actividad.<\/p>\n\n\n\n<ul><li>En <strong>TimeOut<\/strong> los alumnos de Primaria&nbsp; pueden adquirir alimentos (especialidad del d\u00eda).<\/li><li>En <strong>TimeOut Express<\/strong> los alumnos de Primaria pueden comprar productos autorizados y bebidas durante sus recreos.<\/li><li>En <strong>TimeOut Deli<\/strong> los alumnos de Secundaria pueden adquirir alimentos (especialidad del d\u00eda), productos autorizados y bebidas durante sus recreos.<\/li><\/ul>\n\n\n\n<p>Costos de comedor y especialidad:<\/p>\n\n\n\n<figure class=\"wp-block-table\"><table><tbody><tr><td><strong>Tipo<\/strong><\/td><td><strong>Precio<\/strong><\/td><\/tr><tr><td>Lunch chico<\/td><td>$90<\/td><\/tr><tr><td>Lunch grande<\/td><td>$100<\/td><\/tr><tr><td>Comida<\/td><td>$100<\/td><\/tr><tr><td>Especialidad grande<\/td><td>$75<\/td><\/tr><tr><td>Especialidad chica (incluye agua simple o de sabor)<\/td><td>$60<\/td><\/tr><\/tbody><\/table><\/figure>\n\n\n\n<div class=\"wp-block-columns\">\n<div class=\"wp-block-column\">\n<figure class=\"wp-block-image size-large\"><img loading=\"lazy\" width=\"800\" height=\"800\" src=\"http:\/\/www.villaeducativa.edu.mx\/newspaper\/wp-content\/uploads\/2024\/08\/timeoutcomedor.jpg\" alt=\"\" class=\"wp-image-109804\" srcset=\"https:\/\/www.villaeducativa.edu.mx\/newspaper\/wp-content\/uploads\/2024\/08\/timeoutcomedor.jpg 800w, https:\/\/www.villaeducativa.edu.mx\/newspaper\/wp-content\/uploads\/2024\/08\/timeoutcomedor-300x300.jpg 300w, https:\/\/www.villaeducativa.edu.mx\/newspaper\/wp-content\/uploads\/2024\/08\/timeoutcomedor-150x150.jpg 150w, https:\/\/www.villaeducativa.edu.mx\/newspaper\/wp-content\/uploads\/2024\/08\/timeoutcomedor-768x768.jpg 768w, https:\/\/www.villaeducativa.edu.mx\/newspaper\/wp-content\/uploads\/2024\/08\/timeoutcomedor-600x600.jpg 600w, https:\/\/www.villaeducativa.edu.mx\/newspaper\/wp-content\/uploads\/2024\/08\/timeoutcomedor-100x100.jpg 100w\" sizes=\"(max-width: 800px) 100vw, 800px\" \/><\/figure>\n<\/div>\n\n\n\n<div class=\"wp-block-column\">\n<figure class=\"wp-block-image size-large\"><img loading=\"lazy\" width=\"800\" height=\"800\" src=\"http:\/\/www.villaeducativa.edu.mx\/newspaper\/wp-content\/uploads\/2024\/08\/timeoutxpress.jpg\" alt=\"\" class=\"wp-image-109803\" srcset=\"https:\/\/www.villaeducativa.edu.mx\/newspaper\/wp-content\/uploads\/2024\/08\/timeoutxpress.jpg 800w, https:\/\/www.villaeducativa.edu.mx\/newspaper\/wp-content\/uploads\/2024\/08\/timeoutxpress-300x300.jpg 300w, https:\/\/www.villaeducativa.edu.mx\/newspaper\/wp-content\/uploads\/2024\/08\/timeoutxpress-150x150.jpg 150w, https:\/\/www.villaeducativa.edu.mx\/newspaper\/wp-content\/uploads\/2024\/08\/timeoutxpress-768x768.jpg 768w, https:\/\/www.villaeducativa.edu.mx\/newspaper\/wp-content\/uploads\/2024\/08\/timeoutxpress-600x600.jpg 600w, https:\/\/www.villaeducativa.edu.mx\/newspaper\/wp-content\/uploads\/2024\/08\/timeoutxpress-100x100.jpg 100w\" sizes=\"(max-width: 800px) 100vw, 800px\" \/><\/figure>\n<\/div>\n\n\n\n<div class=\"wp-block-column\">\n<figure class=\"wp-block-image size-large\"><img loading=\"lazy\" width=\"800\" height=\"800\" src=\"http:\/\/www.villaeducativa.edu.mx\/newspaper\/wp-content\/uploads\/2024\/08\/timeoutdeli.jpg\" alt=\"\" class=\"wp-image-109805\" srcset=\"https:\/\/www.villaeducativa.edu.mx\/newspaper\/wp-content\/uploads\/2024\/08\/timeoutdeli.jpg 800w, https:\/\/www.villaeducativa.edu.mx\/newspaper\/wp-content\/uploads\/2024\/08\/timeoutdeli-300x300.jpg 300w, https:\/\/www.villaeducativa.edu.mx\/newspaper\/wp-content\/uploads\/2024\/08\/timeoutdeli-150x150.jpg 150w, https:\/\/www.villaeducativa.edu.mx\/newspaper\/wp-content\/uploads\/2024\/08\/timeoutdeli-768x768.jpg 768w, https:\/\/www.villaeducativa.edu.mx\/newspaper\/wp-content\/uploads\/2024\/08\/timeoutdeli-600x600.jpg 600w, https:\/\/www.villaeducativa.edu.mx\/newspaper\/wp-content\/uploads\/2024\/08\/timeoutdeli-100x100.jpg 100w\" sizes=\"(max-width: 800px) 100vw, 800px\" \/><\/figure>\n<\/div>\n<\/div>\n\n\n\n<p><strong><em>El men\u00fa semanal de lunch, comida y especialidad del d\u00eda se publica cada martes en el Newspaper.<\/em><\/strong><\/p>\n\n\n\n<hr class=\"wp-block-separator\"\/>\n\n\n\n<h5 id=\"block-c1529ca8-5f4b-4f8e-a998-b3d2840794e6\"><strong><em>Men\u00fa 1<\/em><\/strong><\/h5>\n\n\n\n<p><strong>Lunch<\/strong><\/p>\n\n\n\n<figure class=\"wp-block-table\"><table class=\"has-subtle-pale-blue-background-color has-fixed-layout has-background\"><tbody><tr><td>LUNES&nbsp;<\/td><td>MARTES<\/td><td>MI\u00c9RCOLES&nbsp;<\/td><td>JUEVES&nbsp;<\/td><td>VIERNES&nbsp;<\/td><\/tr><tr><td>Pan franc\u00e9s de pan integral con miel, jam\u00f3n asado y fruta de temporada.<\/td><td>Burrito de pollo con frijoles, yogurt griego y fruta de temporada.<\/td><td>Nuggets de pollo con verdura, pepino y manzana.<\/td><td>Mini molletes con frijoles, jicaleta y fruta de temporada.&nbsp;<\/td><td>Ensalada de at\u00fan a la mexicana, galletas integrales y sandipaleta.&nbsp;<\/td><\/tr><\/tbody><\/table><figcaption>*<em>Incluye agua de sabor del d\u00eda.<\/em><\/figcaption><\/figure>\n\n\n\n<p><strong><em>Comida<\/em><\/strong><\/p>\n\n\n\n<figure class=\"wp-block-table\"><table class=\"has-subtle-pale-green-background-color has-fixed-layout has-background\"><tbody><tr><td>LUNES&nbsp;<\/td><td>MARTES<\/td><td>MI\u00c9RCOLES&nbsp;<\/td><td>JUEVES&nbsp;<\/td><td>VIERNES&nbsp;<\/td><\/tr><tr><td>Sopes con pollo, sopa de pasta y obleas.<\/td><td>Pachola de res, elotes con mantequilla y pur\u00e9 de papa, gelatina en cuadritos. &nbsp;<\/td><td>Milanesa y germen de trigo, sopa de lentejas y barra de amaranto.<\/td><td>Tacos dorados de pollo con lechuga, crema y queso, sopa de verduras y gelatina en cuadritos.<\/td><td>Pescado al horno, spaghetti, ensalada con pepinos y zanahoria, rebanadas de pi\u00f1a.<\/td><\/tr><\/tbody><\/table><figcaption>*<em>Incluye agua de sabor del d\u00eda.<\/em><\/figcaption><\/figure>\n\n\n\n<hr class=\"wp-block-separator\"\/>\n\n\n\n<h5><strong><em>Men\u00fa 2<\/em><\/strong><\/h5>\n\n\n\n<p><strong><em>Lunch<\/em><\/strong><\/p>\n\n\n\n<figure class=\"wp-block-table\"><table class=\"has-subtle-pale-blue-background-color has-fixed-layout has-background\"><tbody><tr><td>LUNES&nbsp;<\/td><td>MARTES<\/td><td>MI\u00c9RCOLES&nbsp;<\/td><td>JUEVES&nbsp;<\/td><td>VIERNES&nbsp;<\/td><\/tr><tr><td>Sincronizada de tortilla de harina integral con pechuga de pavo y queso manchego, fruta de temporada y postre de yogurt.<\/td><td>Fideo integral con pollo, jitomate, crema y queso, br\u00f3coli y fruta de temporada.<\/td><td>Rollitos de pechuga de pavo y queso panela, papaya picada y pepinos.<\/td><td>Pechuga asada en cuadritos, zanahoria baby y pera en cuadritos.<\/td><td>Hot cakes de avena con miel, jam\u00f3n asado y fruta de temporada.&nbsp;<\/td><\/tr><\/tbody><\/table><figcaption>*<em>Incluye agua de sabor del d\u00eda.<\/em><\/figcaption><\/figure>\n\n\n\n<p><strong><em>Comida<\/em><\/strong><\/p>\n\n\n\n<figure class=\"wp-block-table\"><table class=\"has-subtle-pale-green-background-color has-fixed-layout has-background\"><tbody><tr><td>LUNES&nbsp;<\/td><td>MARTES<\/td><td>MI\u00c9RCOLES&nbsp;<\/td><td>JUEVES&nbsp;<\/td><td>VIERNES&nbsp;<\/td><\/tr><tr><td>Alb\u00f3ndigas, frijoles de la olla, tortillas y sand\u00eda.<\/td><td>Pechuga empanizada, crema de zanahoria con galletas bombitos, naranja.<\/td><td>Pozole, lechuga, tostadas y jicaleta.<\/td><td>Croquetas de at\u00fan, sopa de codito, ensalada de lechuga con zanahoria y fresas.<\/td><td>Tacos de carnitas al vapor, consom\u00e9 de pollo, pepinos con lim\u00f3n y manzana.<\/td><\/tr><\/tbody><\/table><figcaption>*<em>Incluye agua de sabor del d\u00eda.<\/em><\/figcaption><\/figure>\n\n\n\n<hr class=\"wp-block-separator\"\/>\n\n\n\n<h5><strong><em>Men\u00fa 3<\/em><\/strong><\/h5>\n\n\n\n<p><strong><em>Lunch<\/em><\/strong><\/p>\n\n\n\n<figure class=\"wp-block-table\"><table class=\"has-subtle-pale-blue-background-color has-fixed-layout has-background\"><tbody><tr><td>LUNES&nbsp;<\/td><td>MARTES<\/td><td>MI\u00c9RCOLES&nbsp;<\/td><td>JUEVES&nbsp;<\/td><td>VIERNES&nbsp;<\/td><\/tr><tr><td>Torta de jam\u00f3n&nbsp;de pechuga de pavo y queso panela, pepino con sal y lim\u00f3n, fruta de temporada.<\/td><td>Tortilla espa\u00f1ola, fruta de temporada, bolillo.<\/td><td>Quesadillas de frijol y queso, j\u00edcama con lim\u00f3n y sal, naranja.&nbsp;<\/td><td>Ensalada de pollo, fruta y yogurt.<\/td><td>Muffin de huevo, fruta de temporada, zanahoria rallada.<\/td><\/tr><\/tbody><\/table><figcaption>*<em>Incluye agua de sabor del d\u00eda.<\/em><\/figcaption><\/figure>\n\n\n\n<p><strong><em>Comida<\/em><\/strong><\/p>\n\n\n\n<figure class=\"wp-block-table\"><table class=\"has-subtle-pale-green-background-color has-fixed-layout has-background\"><tbody><tr><td>LUNES&nbsp;<\/td><td>MARTES<\/td><td>MI\u00c9RCOLES&nbsp;<\/td><td>JUEVES&nbsp;<\/td><td>VIERNES&nbsp;<\/td><\/tr><tr><td>Picadillo, tostadas, arroz blanco, ensalada de j\u00edcama y barra de amaranto.<\/td><td>Fajitas de pollo con papas, sopa de lentejas, tortillas y mel\u00f3n.<\/td><td>Tacos de bistec con papas, sopa de pasta, pepinos y rebanada de sand\u00eda.<\/td><td>Cuete mechado, arroz rojo, tortilla y pl\u00e1tano dominico.&nbsp;<\/td><td>Lasa\u00f1a de carne molida, ensalada de lechuga, gelatina de fresa.<\/td><\/tr><\/tbody><\/table><figcaption>*<em>Incluye agua de sabor del d\u00eda.<\/em><\/figcaption><\/figure>\n\n\n\n<hr class=\"wp-block-separator\"\/>\n\n\n\n<h5><strong><em>Men\u00fa 4<\/em><\/strong><\/h5>\n\n\n\n<p><strong><em>Lunch<\/em><\/strong><\/p>\n\n\n\n<figure class=\"wp-block-table\"><table class=\"has-subtle-pale-blue-background-color has-fixed-layout has-background\"><tbody><tr><td>LUNES&nbsp;<\/td><td>MARTES<\/td><td>MI\u00c9RCOLES&nbsp;<\/td><td>JUEVES&nbsp;<\/td><td>VIERNES&nbsp;<\/td><\/tr><tr><td>Mini baguette de pechuga de pavo y queso panela, pepino con sal y lim\u00f3n, fruta de temporada.<\/td><td>Mini sopes con frijol crema, queso y lechuga, fruta de temporada.<\/td><td>Hot Cakes de avena con miel, jam\u00f3n asado y fruta de temporada.<\/td><td>Mini molletes con frijol y queso manchego, pepinos, y fruta de temporada.<\/td><td>Rollitos de pechuga de pavo y queso panela, papaya picada y Salmas.<\/td><\/tr><\/tbody><\/table><figcaption>*<em>Incluye agua de sabor del d\u00eda.<\/em><\/figcaption><\/figure>\n\n\n\n<p><strong><em>Comida<\/em><\/strong><\/p>\n\n\n\n<figure class=\"wp-block-table\"><table class=\"has-subtle-pale-green-background-color has-fixed-layout has-background\"><tbody><tr><td>LUNES&nbsp;<\/td><td>MARTES<\/td><td>MI\u00c9RCOLES&nbsp;<\/td><td>JUEVES&nbsp;<\/td><td>VIERNES&nbsp;<\/td><\/tr><tr><td>Cecina de res, frijoles de la olla, tortilla y jicaletas.&nbsp;<\/td><td>Tinga de pollo, arroz blanco con verdura, tostadas y barrita de amaranto.&nbsp;<\/td><td>Pescado al horno, sopa de pasta, pepino en rodajas y sand\u00eda.<\/td><td>Lomo al horno, espagueti rojo, lechuga con zanahoria y obleas.&nbsp;<\/td><td>Pollo a la jardinera, arroz blanco, ensalada de zanahoria y j\u00edcama, gelatina en cuadritos.&nbsp;<\/td><\/tr><\/tbody><\/table><figcaption> <em>*<em>Incluye agua de sabor del d\u00eda.<\/em><\/em><\/figcaption><\/figure>\n\n\n\n<hr class=\"wp-block-separator\"\/>\n\n\n\n<h5><strong>Especialidades 1<\/strong><\/h5>\n\n\n\n<figure class=\"wp-block-table\"><table class=\"has-subtle-pale-pink-background-color has-fixed-layout has-background\"><tbody><tr><td>LUNES&nbsp;<\/td><td>MARTES<\/td><td>MI\u00c9RCOLES&nbsp;<\/td><td>JUEVES&nbsp;<\/td><td>VIERNES&nbsp;<\/td><\/tr><tr><td>Molletes&nbsp;<\/td><td>Tacos de bistec con papas y nopales&nbsp;<\/td><td>Chapata<\/td><td>Tacos al pastor&nbsp;<\/td><td>Quesadillas de queso y champi\u00f1ones<\/td><\/tr><\/tbody><\/table><figcaption><em>Men\u00fa Especialidades 1<\/em><\/figcaption><\/figure>\n\n\n\n<h5><strong>Especialidades 2<\/strong><\/h5>\n\n\n\n<figure class=\"wp-block-table\"><table class=\"has-subtle-pale-pink-background-color has-fixed-layout has-background\"><tbody><tr><td>LUNES&nbsp;<\/td><td>MARTES<\/td><td>MI\u00c9RCOLES&nbsp;<\/td><td>JUEVES&nbsp;<\/td><td>VIERNES&nbsp;<\/td><\/tr><tr><td>Tostadas de tinga<\/td><td>Chilaquiles<\/td><td>Burrito norte\u00f1o con tortilla de harina integral<\/td><td>Tacos dorados (al horno) con pollo<\/td><td>Tacos de cochinita&nbsp;<\/td><\/tr><\/tbody><\/table><figcaption><em>Men\u00fa Especialidades <\/em>2<\/figcaption><\/figure>\n\n\n\n<h5><strong>Especialidades 3<\/strong><\/h5>\n\n\n\n<figure class=\"wp-block-table\"><table class=\"has-subtle-pale-pink-background-color has-fixed-layout has-background\"><tbody><tr><td>LUNES&nbsp;<\/td><td>MARTES<\/td><td>MI\u00c9RCOLES&nbsp;<\/td><td>JUEVES&nbsp;<\/td><td>VIERNES&nbsp;<\/td><\/tr><tr><td>Sopes&nbsp;<\/td><td>Chilaquiles<\/td><td>Tacos de bistec&nbsp;con papas y nopales<\/td><td>Molletes&nbsp;<\/td><td>Gringas&nbsp;<\/td><\/tr><\/tbody><\/table><figcaption><em>Men\u00fa Especialidades <\/em>3<\/figcaption><\/figure>\n\n\n\n<p class=\"has-text-align-center\"><img loading=\"lazy\" width=\"300\" height=\"60\" class=\"wp-image-213\" style=\"width: 200px;\" src=\"http:\/\/www.villaeducativa.edu.mx\/newspaper\/wp-content\/uploads\/2014\/08\/logotimeout-e1408479524357.png\" alt=\"logo\"><\/p>\n","protected":false},"excerpt":{"rendered":"<p>Nuestra cafeter\u00eda ofrece servicio de lunch para Kinder y Primaria, as\u00ed como&nbsp;servicio de comedor para todos los niveles. Si su hijo desea comer en el comedor, puede solicitar el servicio previamente en Servicios Escolares y el alumno ser\u00e1 supervisado por asistentes educativas y monitoras mientras come. Usted podr\u00e1 recogerlo 30&hellip; <\/p>\n","protected":false},"author":2,"featured_media":138248,"comment_status":"closed","ping_status":"closed","sticky":false,"template":"","format":"standard","meta":{"ngg_post_thumbnail":0},"categories":[6],"tags":[],"_links":{"self":[{"href":"https:\/\/www.villaeducativa.edu.mx\/newspaper\/index.php?rest_route=\/wp\/v2\/posts\/109523"}],"collection":[{"href":"https:\/\/www.villaeducativa.edu.mx\/newspaper\/index.php?rest_route=\/wp\/v2\/posts"}],"about":[{"href":"https:\/\/www.villaeducativa.edu.mx\/newspaper\/index.php?rest_route=\/wp\/v2\/types\/post"}],"author":[{"embeddable":true,"href":"https:\/\/www.villaeducativa.edu.mx\/newspaper\/index.php?rest_route=\/wp\/v2\/users\/2"}],"replies":[{"embeddable":true,"href":"https:\/\/www.villaeducativa.edu.mx\/newspaper\/index.php?rest_route=%2Fwp%2Fv2%2Fcomments&post=109523"}],"version-history":[{"count":22,"href":"https:\/\/www.villaeducativa.edu.mx\/newspaper\/index.php?rest_route=\/wp\/v2\/posts\/109523\/revisions"}],"predecessor-version":[{"id":138942,"href":"https:\/\/www.villaeducativa.edu.mx\/newspaper\/index.php?rest_route=\/wp\/v2\/posts\/109523\/revisions\/138942"}],"wp:featuredmedia":[{"embeddable":true,"href":"https:\/\/www.villaeducativa.edu.mx\/newspaper\/index.php?rest_route=\/wp\/v2\/media\/138248"}],"wp:attachment":[{"href":"https:\/\/www.villaeducativa.edu.mx\/newspaper\/index.php?rest_route=%2Fwp%2Fv2%2Fmedia&parent=109523"}],"wp:term":[{"taxonomy":"category","embeddable":true,"href":"https:\/\/www.villaeducativa.edu.mx\/newspaper\/index.php?rest_route=%2Fwp%2Fv2%2Fcategories&post=109523"},{"taxonomy":"post_tag","embeddable":true,"href":"https:\/\/www.villaeducativa.edu.mx\/newspaper\/index.php?rest_route=%2Fwp%2Fv2%2Ftags&post=109523"}],"curies":[{"name":"wp","href":"https:\/\/api.w.org\/{rel}","templated":true}]}}